{"id":5060,"date":"2021-02-21T20:59:10","date_gmt":"2021-02-21T20:59:10","guid":{"rendered":"http:\/\/eco-nnect.com\/?p=5060"},"modified":"2022-06-09T14:04:28","modified_gmt":"2022-06-09T14:04:28","slug":"2021-2-21-la-verdad-sobre-los-coches-elctricos","status":"publish","type":"post","link":"https:\/\/eco-nnect.com\/es\/2021-2-21-la-verdad-sobre-los-coches-elctricos\/","title":{"rendered":"La verdad sobre los coches el\u00e9ctricos"},"content":{"rendered":"<span class=\"rt-reading-time\" style=\"display: block;\"><span class=\"rt-label rt-prefix\">Reading Time: <\/span> <span class=\"rt-time\">3<\/span> <span class=\"rt-label rt-postfix\">min<\/span><\/span><div\n        class=\"\n          image-block-outer-wrapper\n          layout-caption-below\n          design-layout-inline\n          combination-animation-none\n          individual-animation-none\n          individual-text-animation-none\n        \"\n        data-test=\"image-block-inline-outer-wrapper\"\n    ><\/p>\n<figure\n            class=\"\n              sqs-block-image-figure\n              intrinsic\n            \"\n            style=\"max-width:1150px;\"\n        ><\/p>\n<div\n              \n              \n              class=\"image-block-wrapper\"\n              data-animation-role=\"image\"\n              \n  \n\n          ><\/p>\n<div class=\"sqs-image-shape-container-element\n              \n          \n        \n              has-aspect-ratio\n            \" style=\"\n                position: relative;\n                \n                  padding-bottom:41.73912811279297%;\n                \n                \n  overflow: hidden;\n  \n    \n    \n    \n    \n  \n\n              \"\n              ><br \/>\n              <noscript><img decoding=\"async\" src=\"https:\/\/eco-nnect.com\/wp-content\/uploads\/2022\/01\/img_61ea700bdcac9.png\" alt=\"electric cars\" \/><\/noscript><img decoding=\"async\" class=\"thumb-image\" src=\"https:\/\/eco-nnect.com\/wp-content\/uploads\/2022\/01\/img_61ea700bdcac9.png\" data-image=\"http:\/\/eco-nnect.com\/wp-content\/uploads\/2022\/01\/img_61ea700bdcac9.png\" data-image-dimensions=\"1150x480\" data-image-focal-point=\"0.5,0.5\" alt=\"electric cars\" data-load=\"false\" data-image-id=\"60327abc7d747118057a9081\" data-type=\"image\" \/>\n            <\/div>\n<\/p><\/div>\n<\/figure><\/div>\n<p style=\"text-align:center;white-space:pre-wrap;\" class=\"\">La transici\u00f3n ecol\u00f3gica en los medios de transporte es una necesidad prioritaria para la descarbonizaci\u00f3n del sector. Puesto que un alto porcentaje de emisiones de CO2 proviene del transporte, parece que el veh\u00edculo el\u00e9ctrico es una soluci\u00f3n id\u00f3nea para reducir la contaminaci\u00f3n del medio ambiente. Apostando por la movilidad sostenible y poseyendo tecnolog\u00edas ya muy avanzadas, los coches el\u00e9ctricos parecen ser el futuro del mundo automovil\u00edstico. No obstante, a pesar de las ventajas de \u00e9stos, tambi\u00e9n existen inconvenientes que se deben tener en cuenta.&nbsp;<\/p>\n<h3 style=\"white-space:pre-wrap;\"><strong>Ventajas:<\/strong><\/h3>\n<ul>\n<li>\n<p><strong>Reducci\u00f3n de la contaminaci\u00f3n<\/strong>: Si comparamos los coches el\u00e9ctricos con los de propulsi\u00f3n con motor de combusti\u00f3n interna (di\u00e9sel o gasolina), la emisi\u00f3n de gases CO2 en la atm\u00f3sfera es pr\u00e1cticamente inexistente. Ya que dependen de la energ\u00eda de las bater\u00edas, estos coches generan \u201c0\u201d emisiones contaminantes.<\/p>\n<\/li>\n<\/ul>\n<ul>\n<li>\n<p><strong>Mejora en la calidad de aire<\/strong>: Al estar propulsados por la electricidad, los veh\u00edculos el\u00e9ctricos mejoran la calidad del aire de las ciudades. Adem\u00e1s, al no tener motor de combusti\u00f3n y provocar menos ruido, tambi\u00e9n disminuyen la contaminaci\u00f3n ac\u00fastica. Una mejora para las grandes ciudades y el bienestar de nuestra salud.&nbsp;<\/p>\n<\/li>\n<li>\n<p><strong>M\u00e1s barato:<\/strong> Recargar la bater\u00eda de un motor el\u00e9ctrico es m\u00e1s barato que el coste de la gasolina. Su consumo es de aproximadamente 1 euro cada 100 km lo que supone alrededor de 5 euros menos que un veh\u00edculo convencional. Adem\u00e1s, puesto que tiene una mec\u00e1nica m\u00e1s sencilla sufre menos aver\u00edas y precisa de un menor mantenimiento.&nbsp;<\/p>\n<\/li>\n<\/ul>\n<h3 style=\"white-space:pre-wrap;\"><strong>Desventajas:<\/strong><\/h3>\n<ul>\n<li>\n<p><strong>No son 100% sostenibles: <\/strong>Si bien es cierto que la contaminaci\u00f3n de los motores el\u00e9ctricos es mucho menor que la de los convencionales, cabe recalcar que su proceso de producci\u00f3n que se necesitan para su fabricaci\u00f3n generan una gran cantidad de emisiones de C02 y sustancias t\u00f3xicas (Como las plantas de generaci\u00f3n, electrolineras, extensiones de red el\u00e9ctrica y m\u00e1s).&nbsp;<\/p>\n<\/li>\n<\/ul>\n<div\n        class=\"\n          image-block-outer-wrapper\n          layout-caption-below\n          design-layout-inline\n          combination-animation-none\n          individual-animation-none\n          individual-text-animation-none\n        \"\n        data-test=\"image-block-inline-outer-wrapper\"\n    ><\/p>\n<figure\n            class=\"\n              sqs-block-image-figure\n              intrinsic\n            \"\n            style=\"max-width:980px;\"\n        ><\/p>\n<div\n              \n              \n              class=\"image-block-wrapper\"\n              data-animation-role=\"image\"\n              \n  \n\n          ><\/p>\n<div class=\"sqs-image-shape-container-element\n              \n          \n        \n              has-aspect-ratio\n            \" style=\"\n                position: relative;\n                \n                  padding-bottom:57.142860412597656%;\n                \n                \n  overflow: hidden;\n  \n    \n    \n    \n    \n  \n\n              \"\n              ><br \/>\n              <noscript><img decoding=\"async\" src=\"https:\/\/eco-nnect.com\/wp-content\/uploads\/2022\/01\/img_61ea700d17923.png\" alt=\"Building electric cars\" \/><\/noscript><img decoding=\"async\" class=\"thumb-image\" src=\"https:\/\/eco-nnect.com\/wp-content\/uploads\/2022\/01\/img_61ea700d17923.png\" data-image=\"http:\/\/eco-nnect.com\/wp-content\/uploads\/2022\/01\/img_61ea700d17923.png\" data-image-dimensions=\"980x560\" data-image-focal-point=\"0.5,0.5\" alt=\"Building electric cars\" data-load=\"false\" data-image-id=\"60327b8c21a4201acbbc2f76\" data-type=\"image\" \/>\n            <\/div>\n<\/p><\/div>\n<\/figure><\/div>\n<ul>\n<li>\n<p><strong>Fabricaci\u00f3n de las bater\u00edas: <\/strong>Uno de los problemas de este tipo de coches es la bater\u00eda. Lo primero, su fabricaci\u00f3n requiere la explotaci\u00f3n de muchos materiales (n\u00edquel, cobalto o litio entre otros) lo cual puede provocar impactos ambientales y de \u00edndole social. En segundo lugar, aunque las bater\u00edas sean normalmente eficientes, en caso de aver\u00eda el cambio supondr\u00e1 un coste elevado ya que se compone de elementos muy caros. Por \u00faltimo, muchas de las bater\u00edas que han llegado al final de su vida \u00fatil no se reciclan, por lo que sus componentes t\u00f3xicos y residuos acaban contaminando enormemente el medio ambiente.&nbsp;<\/p>\n<\/li>\n<\/ul>\n<ul>\n<li>\n<p><strong>Menor autonom\u00eda: <\/strong>Sin duda un coche el\u00e9ctrico no tiene hoy en d\u00eda la autonom\u00eda que tiene un coche con motor convencional. A\u00fan teniendo las mismas prestaciones (aceleraci\u00f3n, potencia y velocidad) que los veh\u00edculos convencionales su autonom\u00eda supone un gran handicap. Los veh\u00edculos utilitarios est\u00e1n concebidos para alcanzar alrededor de 300 km de distancia, mientras que los de m\u00e1s alta gama rondan un m\u00e1ximo de 500 km de autonom\u00eda. Por otra parte, las zonas de recarga no est\u00e1n lo suficientemente desarrolladas para atender su creciente demanda. A ello hay que sumarle que los tiempos de recarga son actualmente muy lentos. <\/p>\n<\/li>\n<\/ul>\n<h2 style=\"white-space:pre-wrap;\"><strong>\u00bfCu\u00e1l es el futuro del autom\u00f3vil?<\/strong><\/h2>\n<p>Teniendo en cuenta algunos de los aspectos positivos y negativos de los coches el\u00e9ctricos, ya son muchas las compa\u00f1\u00edas que est\u00e1n desarrollando mejoras m\u00e1s sostenibles para el futuro del autom\u00f3vil. A\u00fan as\u00ed, para reducir nuestra huella de carbono, el uso del transporte p\u00fablico sigue siendo la mejor opci\u00f3n. Adem\u00e1s, si tenemos en cuenta las regulaciones de la Uni\u00f3n Europea para reducir las emisiones de C02, encontramos nuevos modelos de negocio donde compartir coche o moto y as\u00ed usar menos veh\u00edculos de uso particular como regla general.&nbsp;<\/p>\n<p>Podemos concluir, que aunque los coches el\u00e9ctricos requieren un proceso de producci\u00f3n que en realidad s\u00ed que contamina a largo plazo son m\u00e1s sostenibles que los coches convencionales que usan diesel o gasolina. Si bien es cierto que siempre se puede mejorar el proceso, el futuro del autom\u00f3vil ser\u00e1 sin duda el\u00e9ctrico. Se calcula que para 2040 ya no existir\u00e1n coches que usan combustibles f\u00f3siles en muchos pa\u00edses (Costa Rica, Espa\u00f1a o Jap\u00f3n entre otros), por lo que si buscas invertir en un coche quiz\u00e1 sea mejor esperar un tiempo a que las empresas ofrezcan nuevos modelos el\u00e9ctricos m\u00e1s avanzados que sin duda ser\u00e1n m\u00e1s eficientes.<\/p>\n<p>   <iframe loading=\"lazy\" class=\"embedly-embed\" src=\"\/\/cdn.embedly.com\/widgets\/media.html?src=https%3A%2F%2Fwww.youtube.com%2Fembed%2FN0D4jUEmTMQ%3Ffeature%3Doembed&#038;display_name=YouTube&#038;url=https%3A%2F%2Fwww.youtube.com%2Fwatch%3Fv%3DN0D4jUEmTMQ&#038;image=https%3A%2F%2Fi.ytimg.com%2Fvi%2FN0D4jUEmTMQ%2Fhqdefault.jpg&#038;key=61d05c9d54e8455ea7a9677c366be814&#038;type=text%2Fhtml&#038;schema=youtube\" width=\"854\" height=\"480\" scrolling=\"no\" title=\"YouTube embed\" frameborder=\"0\" allow=\"autoplay; fullscreen\" allowfullscreen=\"true\"><\/iframe><\/p>\n","protected":false},"excerpt":{"rendered":"<p><span class=\"rt-reading-time\" style=\"display: block;\"><span class=\"rt-label rt-prefix\">Reading Time: <\/span> <span class=\"rt-time\">3<\/span> <span class=\"rt-label rt-postfix\">min<\/span><\/span> La transici\u00f3n ecol\u00f3gica en los medios de transporte es una necesidad prioritaria para la descarbonizaci\u00f3n del sector. Puesto que un alto porcentaje de emisiones de CO2 proviene del transporte, parece que el veh\u00edculo el\u00e9ctrico es una soluci\u00f3n id\u00f3nea para reducir la contaminaci\u00f3n del medio ambiente. Apostando por la movilidad sostenible y poseyendo tecnolog\u00edas ya muy &hellip;<\/p>\n<p class=\"read-more\"> <a class=\"\" href=\"https:\/\/eco-nnect.com\/es\/2021-2-21-la-verdad-sobre-los-coches-elctricos\/\"> <span class=\"screen-reader-text\">La verdad sobre los coches el\u00e9ctricos<\/span> Leer m\u00e1s &raquo;<\/a><\/p>\n","protected":false},"author":7,"featured_media":3400,"comment_status":"open","ping_status":"open","sticky":false,"template":"","format":"standard","meta":{"site-sidebar-layout":"default","site-content-layout":"default","ast-main-header-display":"","ast-hfb-above-header-display":"","ast-hfb-below-header-display":"","ast-hfb-mobile-header-display":"","site-post-title":"","ast-breadcrumbs-content":"","ast-featured-img":"","footer-sml-layout":"","theme-transparent-header-meta":"","adv-header-id-meta":"","stick-header-meta":"","header-above-stick-meta":"","header-main-stick-meta":"","header-below-stick-meta":""},"categories":[1920],"tags":[],"yoast_head":"<!-- This site is optimized with the Yoast SEO plugin v20.2.1 - https:\/\/yoast.com\/wordpress\/plugins\/seo\/ -->\n<title>La verdad sobre los coches el\u00e9ctricos - eco-nnect<\/title>\n<meta name=\"robots\" content=\"index, follow, max-snippet:-1, max-image-preview:large, max-video-preview:-1\" \/>\n<link rel=\"canonical\" href=\"https:\/\/eco-nnect.com\/es\/2021-2-21-la-verdad-sobre-los-coches-elctricos\/\" \/>\n<meta property=\"og:locale\" content=\"es_ES\" \/>\n<meta property=\"og:type\" content=\"article\" \/>\n<meta property=\"og:title\" content=\"La verdad sobre los coches el\u00e9ctricos - eco-nnect\" \/>\n<meta property=\"og:description\" content=\"Reading Time: 3 min La transici\u00f3n ecol\u00f3gica en los medios de transporte es una necesidad prioritaria para la descarbonizaci\u00f3n del sector. Puesto que un alto porcentaje de emisiones de CO2 proviene del transporte, parece que el veh\u00edculo el\u00e9ctrico es una soluci\u00f3n id\u00f3nea para reducir la contaminaci\u00f3n del medio ambiente. Apostando por la movilidad sostenible y poseyendo tecnolog\u00edas ya muy &hellip; La verdad sobre los coches el\u00e9ctricos Leer m\u00e1s &raquo;\" \/>\n<meta property=\"og:url\" content=\"https:\/\/eco-nnect.com\/es\/2021-2-21-la-verdad-sobre-los-coches-elctricos\/\" \/>\n<meta property=\"og:site_name\" content=\"eco-nnect\" \/>\n<meta property=\"article:published_time\" content=\"2021-02-21T20:59:10+00:00\" \/>\n<meta property=\"article:modified_time\" content=\"2022-06-09T14:04:28+00:00\" \/>\n<meta property=\"og:image\" content=\"https:\/\/eco-nnect.com\/wp-content\/uploads\/2021\/02\/Capturadepantalla2021-02-20alas17.04.17.png\" \/>\n\t<meta property=\"og:image:width\" content=\"1150\" \/>\n\t<meta property=\"og:image:height\" content=\"480\" \/>\n\t<meta property=\"og:image:type\" content=\"image\/png\" \/>\n<meta name=\"author\" content=\"Mar\u00eda S\u00e1nchez\" \/>\n<meta name=\"twitter:card\" content=\"summary_large_image\" \/>\n<meta name=\"twitter:label1\" content=\"Escrito por\" \/>\n\t<meta name=\"twitter:data1\" content=\"Mar\u00eda S\u00e1nchez\" \/>\n\t<meta name=\"twitter:label2\" content=\"Tiempo de lectura\" \/>\n\t<meta name=\"twitter:data2\" content=\"4 minutos\" \/>\n<script type=\"application\/ld+json\" class=\"yoast-schema-graph\">{\"@context\":\"https:\/\/schema.org\",\"@graph\":[{\"@type\":\"Article\",\"@id\":\"https:\/\/eco-nnect.com\/es\/2021-2-21-la-verdad-sobre-los-coches-elctricos\/#article\",\"isPartOf\":{\"@id\":\"https:\/\/eco-nnect.com\/es\/2021-2-21-la-verdad-sobre-los-coches-elctricos\/\"},\"author\":{\"name\":\"Mar\u00eda S\u00e1nchez\",\"@id\":\"https:\/\/eco-nnect.com\/#\/schema\/person\/abb9dd660cbda600530c76b511b63c9f\"},\"headline\":\"La verdad sobre los coches el\u00e9ctricos\",\"datePublished\":\"2021-02-21T20:59:10+00:00\",\"dateModified\":\"2022-06-09T14:04:28+00:00\",\"mainEntityOfPage\":{\"@id\":\"https:\/\/eco-nnect.com\/es\/2021-2-21-la-verdad-sobre-los-coches-elctricos\/\"},\"wordCount\":801,\"commentCount\":0,\"publisher\":{\"@id\":\"https:\/\/eco-nnect.com\/#organization\"},\"articleSection\":[\"Sin categorizar\"],\"inLanguage\":\"es\",\"potentialAction\":[{\"@type\":\"CommentAction\",\"name\":\"Comment\",\"target\":[\"https:\/\/eco-nnect.com\/es\/2021-2-21-la-verdad-sobre-los-coches-elctricos\/#respond\"]}]},{\"@type\":\"WebPage\",\"@id\":\"https:\/\/eco-nnect.com\/es\/2021-2-21-la-verdad-sobre-los-coches-elctricos\/\",\"url\":\"https:\/\/eco-nnect.com\/es\/2021-2-21-la-verdad-sobre-los-coches-elctricos\/\",\"name\":\"La verdad sobre los coches el\u00e9ctricos - eco-nnect\",\"isPartOf\":{\"@id\":\"https:\/\/eco-nnect.com\/#website\"},\"datePublished\":\"2021-02-21T20:59:10+00:00\",\"dateModified\":\"2022-06-09T14:04:28+00:00\",\"breadcrumb\":{\"@id\":\"https:\/\/eco-nnect.com\/es\/2021-2-21-la-verdad-sobre-los-coches-elctricos\/#breadcrumb\"},\"inLanguage\":\"es\",\"potentialAction\":[{\"@type\":\"ReadAction\",\"target\":[\"https:\/\/eco-nnect.com\/es\/2021-2-21-la-verdad-sobre-los-coches-elctricos\/\"]}]},{\"@type\":\"BreadcrumbList\",\"@id\":\"https:\/\/eco-nnect.com\/es\/2021-2-21-la-verdad-sobre-los-coches-elctricos\/#breadcrumb\",\"itemListElement\":[{\"@type\":\"ListItem\",\"position\":1,\"name\":\"Home\",\"item\":\"https:\/\/eco-nnect.com\/es\/\"},{\"@type\":\"ListItem\",\"position\":2,\"name\":\"La verdad sobre los coches el\u00e9ctricos\"}]},{\"@type\":\"WebSite\",\"@id\":\"https:\/\/eco-nnect.com\/#website\",\"url\":\"https:\/\/eco-nnect.com\/\",\"name\":\"eco-nnect\",\"description\":\"\",\"publisher\":{\"@id\":\"https:\/\/eco-nnect.com\/#organization\"},\"potentialAction\":[{\"@type\":\"SearchAction\",\"target\":{\"@type\":\"EntryPoint\",\"urlTemplate\":\"https:\/\/eco-nnect.com\/?s={search_term_string}\"},\"query-input\":\"required name=search_term_string\"}],\"inLanguage\":\"es\"},{\"@type\":\"Organization\",\"@id\":\"https:\/\/eco-nnect.com\/#organization\",\"name\":\"eco-nnect\",\"url\":\"https:\/\/eco-nnect.com\/\",\"logo\":{\"@type\":\"ImageObject\",\"inLanguage\":\"es\",\"@id\":\"https:\/\/eco-nnect.com\/#\/schema\/logo\/image\/\",\"url\":\"https:\/\/eco-nnect.com\/wp-content\/uploads\/2022\/02\/econnect.png\",\"contentUrl\":\"https:\/\/eco-nnect.com\/wp-content\/uploads\/2022\/02\/econnect.png\",\"width\":800,\"height\":132,\"caption\":\"eco-nnect\"},\"image\":{\"@id\":\"https:\/\/eco-nnect.com\/#\/schema\/logo\/image\/\"}},{\"@type\":\"Person\",\"@id\":\"https:\/\/eco-nnect.com\/#\/schema\/person\/abb9dd660cbda600530c76b511b63c9f\",\"name\":\"Mar\u00eda S\u00e1nchez\",\"image\":{\"@type\":\"ImageObject\",\"inLanguage\":\"es\",\"@id\":\"https:\/\/eco-nnect.com\/#\/schema\/person\/image\/\",\"url\":\"https:\/\/secure.gravatar.com\/avatar\/4805647540ddf7224a47bff32c9bbfd9?s=96&d=mm&r=g\",\"contentUrl\":\"https:\/\/secure.gravatar.com\/avatar\/4805647540ddf7224a47bff32c9bbfd9?s=96&d=mm&r=g\",\"caption\":\"Mar\u00eda S\u00e1nchez\"},\"sameAs\":[\"https:\/\/www.linkedin.com\/in\/mariasanchezfaus\/\"],\"url\":\"https:\/\/eco-nnect.com\/es\/author\/msanchezf-ieu2017student-ie-edu\/\"}]}<\/script>\n<!-- \/ Yoast SEO plugin. -->","yoast_head_json":{"title":"La verdad sobre los coches el\u00e9ctricos - eco-nnect","robots":{"index":"index","follow":"follow","max-snippet":"max-snippet:-1","max-image-preview":"max-image-preview:large","max-video-preview":"max-video-preview:-1"},"canonical":"https:\/\/eco-nnect.com\/es\/2021-2-21-la-verdad-sobre-los-coches-elctricos\/","og_locale":"es_ES","og_type":"article","og_title":"La verdad sobre los coches el\u00e9ctricos - eco-nnect","og_description":"Reading Time: 3 min La transici\u00f3n ecol\u00f3gica en los medios de transporte es una necesidad prioritaria para la descarbonizaci\u00f3n del sector. Puesto que un alto porcentaje de emisiones de CO2 proviene del transporte, parece que el veh\u00edculo el\u00e9ctrico es una soluci\u00f3n id\u00f3nea para reducir la contaminaci\u00f3n del medio ambiente. Apostando por la movilidad sostenible y poseyendo tecnolog\u00edas ya muy &hellip; La verdad sobre los coches el\u00e9ctricos Leer m\u00e1s &raquo;","og_url":"https:\/\/eco-nnect.com\/es\/2021-2-21-la-verdad-sobre-los-coches-elctricos\/","og_site_name":"eco-nnect","article_published_time":"2021-02-21T20:59:10+00:00","article_modified_time":"2022-06-09T14:04:28+00:00","og_image":[{"width":1150,"height":480,"url":"https:\/\/eco-nnect.com\/wp-content\/uploads\/2021\/02\/Capturadepantalla2021-02-20alas17.04.17.png","type":"image\/png"}],"author":"Mar\u00eda S\u00e1nchez","twitter_card":"summary_large_image","twitter_misc":{"Escrito por":"Mar\u00eda S\u00e1nchez","Tiempo de lectura":"4 minutos"},"schema":{"@context":"https:\/\/schema.org","@graph":[{"@type":"Article","@id":"https:\/\/eco-nnect.com\/es\/2021-2-21-la-verdad-sobre-los-coches-elctricos\/#article","isPartOf":{"@id":"https:\/\/eco-nnect.com\/es\/2021-2-21-la-verdad-sobre-los-coches-elctricos\/"},"author":{"name":"Mar\u00eda S\u00e1nchez","@id":"https:\/\/eco-nnect.com\/#\/schema\/person\/abb9dd660cbda600530c76b511b63c9f"},"headline":"La verdad sobre los coches el\u00e9ctricos","datePublished":"2021-02-21T20:59:10+00:00","dateModified":"2022-06-09T14:04:28+00:00","mainEntityOfPage":{"@id":"https:\/\/eco-nnect.com\/es\/2021-2-21-la-verdad-sobre-los-coches-elctricos\/"},"wordCount":801,"commentCount":0,"publisher":{"@id":"https:\/\/eco-nnect.com\/#organization"},"articleSection":["Sin categorizar"],"inLanguage":"es","potentialAction":[{"@type":"CommentAction","name":"Comment","target":["https:\/\/eco-nnect.com\/es\/2021-2-21-la-verdad-sobre-los-coches-elctricos\/#respond"]}]},{"@type":"WebPage","@id":"https:\/\/eco-nnect.com\/es\/2021-2-21-la-verdad-sobre-los-coches-elctricos\/","url":"https:\/\/eco-nnect.com\/es\/2021-2-21-la-verdad-sobre-los-coches-elctricos\/","name":"La verdad sobre los coches el\u00e9ctricos - eco-nnect","isPartOf":{"@id":"https:\/\/eco-nnect.com\/#website"},"datePublished":"2021-02-21T20:59:10+00:00","dateModified":"2022-06-09T14:04:28+00:00","breadcrumb":{"@id":"https:\/\/eco-nnect.com\/es\/2021-2-21-la-verdad-sobre-los-coches-elctricos\/#breadcrumb"},"inLanguage":"es","potentialAction":[{"@type":"ReadAction","target":["https:\/\/eco-nnect.com\/es\/2021-2-21-la-verdad-sobre-los-coches-elctricos\/"]}]},{"@type":"BreadcrumbList","@id":"https:\/\/eco-nnect.com\/es\/2021-2-21-la-verdad-sobre-los-coches-elctricos\/#breadcrumb","itemListElement":[{"@type":"ListItem","position":1,"name":"Home","item":"https:\/\/eco-nnect.com\/es\/"},{"@type":"ListItem","position":2,"name":"La verdad sobre los coches el\u00e9ctricos"}]},{"@type":"WebSite","@id":"https:\/\/eco-nnect.com\/#website","url":"https:\/\/eco-nnect.com\/","name":"eco-nnect","description":"","publisher":{"@id":"https:\/\/eco-nnect.com\/#organization"},"potentialAction":[{"@type":"SearchAction","target":{"@type":"EntryPoint","urlTemplate":"https:\/\/eco-nnect.com\/?s={search_term_string}"},"query-input":"required name=search_term_string"}],"inLanguage":"es"},{"@type":"Organization","@id":"https:\/\/eco-nnect.com\/#organization","name":"eco-nnect","url":"https:\/\/eco-nnect.com\/","logo":{"@type":"ImageObject","inLanguage":"es","@id":"https:\/\/eco-nnect.com\/#\/schema\/logo\/image\/","url":"https:\/\/eco-nnect.com\/wp-content\/uploads\/2022\/02\/econnect.png","contentUrl":"https:\/\/eco-nnect.com\/wp-content\/uploads\/2022\/02\/econnect.png","width":800,"height":132,"caption":"eco-nnect"},"image":{"@id":"https:\/\/eco-nnect.com\/#\/schema\/logo\/image\/"}},{"@type":"Person","@id":"https:\/\/eco-nnect.com\/#\/schema\/person\/abb9dd660cbda600530c76b511b63c9f","name":"Mar\u00eda S\u00e1nchez","image":{"@type":"ImageObject","inLanguage":"es","@id":"https:\/\/eco-nnect.com\/#\/schema\/person\/image\/","url":"https:\/\/secure.gravatar.com\/avatar\/4805647540ddf7224a47bff32c9bbfd9?s=96&d=mm&r=g","contentUrl":"https:\/\/secure.gravatar.com\/avatar\/4805647540ddf7224a47bff32c9bbfd9?s=96&d=mm&r=g","caption":"Mar\u00eda S\u00e1nchez"},"sameAs":["https:\/\/www.linkedin.com\/in\/mariasanchezfaus\/"],"url":"https:\/\/eco-nnect.com\/es\/author\/msanchezf-ieu2017student-ie-edu\/"}]}},"_links":{"self":[{"href":"https:\/\/eco-nnect.com\/es\/wp-json\/wp\/v2\/posts\/5060"}],"collection":[{"href":"https:\/\/eco-nnect.com\/es\/wp-json\/wp\/v2\/posts"}],"about":[{"href":"https:\/\/eco-nnect.com\/es\/wp-json\/wp\/v2\/types\/post"}],"author":[{"embeddable":true,"href":"https:\/\/eco-nnect.com\/es\/wp-json\/wp\/v2\/users\/7"}],"replies":[{"embeddable":true,"href":"https:\/\/eco-nnect.com\/es\/wp-json\/wp\/v2\/comments?post=5060"}],"version-history":[{"count":3,"href":"https:\/\/eco-nnect.com\/es\/wp-json\/wp\/v2\/posts\/5060\/revisions"}],"predecessor-version":[{"id":9347,"href":"https:\/\/eco-nnect.com\/es\/wp-json\/wp\/v2\/posts\/5060\/revisions\/9347"}],"wp:featuredmedia":[{"embeddable":true,"href":"https:\/\/eco-nnect.com\/es\/wp-json\/wp\/v2\/media\/3400"}],"wp:attachment":[{"href":"https:\/\/eco-nnect.com\/es\/wp-json\/wp\/v2\/media?parent=5060"}],"wp:term":[{"taxonomy":"category","embeddable":true,"href":"https:\/\/eco-nnect.com\/es\/wp-json\/wp\/v2\/categories?post=5060"},{"taxonomy":"post_tag","embeddable":true,"href":"https:\/\/eco-nnect.com\/es\/wp-json\/wp\/v2\/tags?post=5060"}],"curies":[{"name":"wp","href":"https:\/\/api.w.org\/{rel}","templated":true}]}}