{"id":5038,"date":"2021-08-27T11:37:42","date_gmt":"2021-08-27T11:37:42","guid":{"rendered":"http:\/\/eco-nnect.com\/?p=5038"},"modified":"2022-06-09T14:48:36","modified_gmt":"2022-06-09T14:48:36","slug":"2021-8-26-alimentos-de-temporada-nuevas-recetas-para-septiembre","status":"publish","type":"post","link":"https:\/\/eco-nnect.com\/es\/2021-8-26-alimentos-de-temporada-nuevas-recetas-para-septiembre\/","title":{"rendered":"Alimentos de temporada, nuevas recetas para Septiembre"},"content":{"rendered":"<span class=\"rt-reading-time\" style=\"display: block;\"><span class=\"rt-label rt-prefix\">Reading Time: <\/span> <span class=\"rt-time\">4<\/span> <span class=\"rt-label rt-postfix\">min<\/span><\/span><div\n        class=\"\n          image-block-outer-wrapper\n          layout-caption-below\n          design-layout-inline\n          combination-animation-none\n          individual-animation-none\n          individual-text-animation-none\n        \"\n        data-test=\"image-block-inline-outer-wrapper\"\n    ><\/p>\n<figure\n            class=\"\n              sqs-block-image-figure\n              intrinsic\n            \"\n            style=\"max-width:1164px;\"\n        ><\/p>\n<div\n              \n              \n              class=\"image-block-wrapper\"\n              data-animation-role=\"image\"\n              \n  \n\n          ><\/p>\n<div class=\"sqs-image-shape-container-element\n              \n          \n        \n              has-aspect-ratio\n            \" style=\"\n                position: relative;\n                \n                  padding-bottom:48.96907043457031%;\n                \n                \n  overflow: hidden;\n  \n    \n    \n    \n    \n  \n\n              \"\n              ><br \/>\n              <noscript><img decoding=\"async\" src=\"https:\/\/eco-nnect.com\/wp-content\/uploads\/2022\/01\/Capturadepantalla2021-08-26alas13.22.19.png\" alt=\"Captura de pantalla 2021-08-26 a las 13.22.19.png\" \/><\/noscript><img decoding=\"async\" class=\"thumb-image\" src=\"https:\/\/eco-nnect.com\/wp-content\/uploads\/2022\/01\/Capturadepantalla2021-08-26alas13.22.19.png\" data-image=\"http:\/\/eco-nnect.com\/wp-content\/uploads\/2022\/01\/Capturadepantalla2021-08-26alas13.22.19.png\" data-image-dimensions=\"1164x570\" data-image-focal-point=\"0.5,0.5\" alt=\"Captura de pantalla 2021-08-26 a las 13.22.19.png\" data-load=\"false\" data-image-id=\"6128cb4849b74866b4be1492\" data-type=\"image\" \/>\n            <\/div>\n<\/p><\/div>\n<\/figure><\/div>\n<p>Con la llegada del oto\u00f1o parece que hay m\u00e1s ganas de cocinar en casa y como siempre, las mejores opciones incluyen alimentos de temporada. \u00c9stos son m\u00e1s sanos, m\u00e1s baratos y mejores para el medio ambiente ya que aprovechamos los alimentos que m\u00e1s se producen en esta \u00e9poca del a\u00f1o. Por eso aqu\u00ed tienes una lista con algunos alimentos de temporada seguido de 5 recetas deliciosas y saludables para que no te falten las ideas a la hora de cocinar.&nbsp;<\/p>\n<div\n        class=\"\n          image-block-outer-wrapper\n          layout-caption-below\n          design-layout-inline\n          combination-animation-none\n          individual-animation-none\n          individual-text-animation-none\n        \"\n        data-test=\"image-block-inline-outer-wrapper\"\n    ><\/p>\n<figure\n            class=\"\n              sqs-block-image-figure\n              intrinsic\n            \"\n            style=\"max-width:660px;\"\n        ><\/p>\n<div\n              \n              \n              class=\"image-block-wrapper\"\n              data-animation-role=\"image\"\n              \n  \n\n          ><\/p>\n<div class=\"sqs-image-shape-container-element\n              \n          \n        \n              has-aspect-ratio\n            \" style=\"\n                position: relative;\n                \n                  padding-bottom:59.09090805053711%;\n                \n                \n  overflow: hidden;\n  \n    \n    \n    \n    \n  \n\n              \"\n              ><br \/>\n              <noscript><img decoding=\"async\" src=\"https:\/\/eco-nnect.com\/wp-content\/uploads\/2022\/01\/Capturadepantalla2021-08-27alas13.24.42.png\" alt=\"Captura de pantalla 2021-08-27 a las 13.24.42.png\" \/><\/noscript><img decoding=\"async\" class=\"thumb-image\" src=\"https:\/\/eco-nnect.com\/wp-content\/uploads\/2022\/01\/Capturadepantalla2021-08-27alas13.24.42.png\" data-image=\"http:\/\/eco-nnect.com\/wp-content\/uploads\/2022\/01\/Capturadepantalla2021-08-27alas13.24.42.png\" data-image-dimensions=\"660x390\" data-image-focal-point=\"0.5,0.5\" alt=\"Captura de pantalla 2021-08-27 a las 13.24.42.png\" data-load=\"false\" data-image-id=\"6128cbb0bec660241fea0cd4\" data-type=\"image\" \/>\n            <\/div>\n<\/p><\/div>\n<\/figure><\/div>\n<ul>\n<li>\n<p>Verduras y hortalizas: Zanahoria, calabaza, puerros, espinacas, pimientos de padr\u00f3n, repollo y pepino<\/p>\n<\/li>\n<li>\n<p>Frutas: uvas, higos, melocot\u00f3n, manzana, pl\u00e1tano, granada, mel\u00f3n y pera&nbsp;<\/p>\n<\/li>\n<li>\n<p>Pescados: Dorada, pez espada, at\u00fan, cabracho, sardinia y sepia&nbsp;<\/p>\n<\/li>\n<\/ul>\n<h2 style=\"white-space:pre-wrap;\"><strong>5 recetas para disfrutar esta temporada <\/strong><\/h2>\n<p><strong>1. Crema de calabaza y curry <\/strong><\/p>\n<p><strong>Ingredientes:&nbsp;<\/strong><\/p>\n<p>600 g de calabaza&nbsp;<\/p>\n<p>1 puerro grande o 2 peque\u00f1os&nbsp;<\/p>\n<p>1 cebolla grande&nbsp;<\/p>\n<p>2 patatas gallegas&nbsp;<\/p>\n<p>5 zanahorias medianas&nbsp;<\/p>\n<p>50 ml de aceite de oliva virgen extra&nbsp;<\/p>\n<p>4g de curry en polvo&nbsp;<\/p>\n<p>2g de nuez moscada en polvo&nbsp;<\/p>\n<p>Sal fina al gusto&nbsp;<\/p>\n<p>1 Litro de agua o de caldo de verdura&nbsp;<\/p>\n<p><strong>Preparaci\u00f3n: <\/strong>Si quieres preparar este plato, seguro que este video es mucho m\u00e1s detallado y f\u00e1cil de seguir para que te salga de rechupete<\/p>\n<p>   <iframe loading=\"lazy\" class=\"embedly-embed\" src=\"\/\/cdn.embedly.com\/widgets\/media.html?src=https%3A%2F%2Fwww.youtube.com%2Fembed%2F_wLR7gQTSQ8%3Fstart%3D67%26feature%3Doembed%26start%3D67&#038;display_name=YouTube&#038;url=https%3A%2F%2Fwww.youtube.com%2Fwatch%3Fv%3D_wLR7gQTSQ8&#038;image=https%3A%2F%2Fi.ytimg.com%2Fvi%2F_wLR7gQTSQ8%2Fhqdefault.jpg&#038;key=c6502efcb3c84824bc6c1f27d683be13&#038;type=text%2Fhtml&#038;schema=youtube\" width=\"854\" height=\"480\" scrolling=\"no\" title=\"YouTube embed\" frameborder=\"0\" allow=\"autoplay; fullscreen\" allowfullscreen=\"true\"><\/iframe><\/p>\n<p>2.<strong> Ensalada templada de queso de cabra y setas<\/strong><\/p>\n<p><strong>Ingredientes:&nbsp;<\/strong><\/p>\n<p>1 bolsa de ensalada verde <\/p>\n<p>4 huevos cocidos&nbsp;<\/p>\n<p>200g de setas de cardo&nbsp;<\/p>\n<p>4 rodajas de queso de cabra&nbsp;<\/p>\n<p>100g de nueces&nbsp;<\/p>\n<p>1 cucharada de miel&nbsp;<\/p>\n<p>50ml de vinagre bals\u00e1mico&nbsp;<\/p>\n<p>Aceite de oliva virgen extra y sal al gusto&nbsp;<\/p>\n<p><strong>Preparaci\u00f3n:&nbsp;<\/strong>Como cualquier ensalada, este es un plato f\u00e1cil y sencillo de preparar que adem\u00e1s est\u00e1 buen\u00edsimo. Mezcla todos los ingredientes en un bowl y \u00a1voil\u00e1! Ya tienes un plato hecho para disfrutar en una comida familiar o en una cena con amigos. Una ensalada completa y nutritiva.&nbsp;&nbsp;<\/p>\n<div\n        class=\"\n          image-block-outer-wrapper\n          layout-caption-below\n          design-layout-inline\n          combination-animation-none\n          individual-animation-none\n          individual-text-animation-none\n        \"\n        data-test=\"image-block-inline-outer-wrapper\"\n    ><\/p>\n<figure\n            class=\"\n              sqs-block-image-figure\n              intrinsic\n            \"\n            style=\"max-width:728px;\"\n        ><\/p>\n<div\n              \n              \n              class=\"image-block-wrapper\"\n              data-animation-role=\"image\"\n              \n  \n\n          ><\/p>\n<div class=\"sqs-image-shape-container-element\n              \n          \n        \n              has-aspect-ratio\n            \" style=\"\n                position: relative;\n                \n                  padding-bottom:60.164833068847656%;\n                \n                \n  overflow: hidden;\n  \n    \n    \n    \n    \n  \n\n              \"\n              ><br \/>\n              <noscript><img decoding=\"async\" src=\"https:\/\/eco-nnect.com\/wp-content\/uploads\/2022\/01\/Capturadepantalla2021-08-27alas13.24.58.png\" alt=\"\" \/><\/noscript><img decoding=\"async\" class=\"thumb-image\" src=\"https:\/\/eco-nnect.com\/wp-content\/uploads\/2022\/01\/Capturadepantalla2021-08-27alas13.24.58.png\" data-image=\"http:\/\/eco-nnect.com\/wp-content\/uploads\/2022\/01\/Capturadepantalla2021-08-27alas13.24.58.png\" data-image-dimensions=\"728x438\" data-image-focal-point=\"0.5,0.5\" alt=\"\" data-load=\"false\" data-image-id=\"6128cc8b633908499d325857\" data-type=\"image\" \/>\n            <\/div>\n<\/p><\/div>\n<\/figure><\/div>\n<p><strong>3. Tallarines de zanahoria con tempeh <\/strong><\/p>\n<p><strong>Ingredientes:&nbsp;<\/strong><\/p>\n<p>230g de zanahorias&nbsp;<\/p>\n<p>60g de tempeh&nbsp;<\/p>\n<p>Media cucharada de pimenton&nbsp;<\/p>\n<p>1cucharada de aceite de coco&nbsp;<\/p>\n<p>30g de edamame<\/p>\n<p>Salsa (opcional) costar\u00eda de: 30g crema de cacahuete mezclada con 4 cucharadas de agua, un poco de zumo de lima, una cucharada de salsa de soja 1 pieza peque\u00f1a de jengibre machacada&nbsp;<\/p>\n<p><strong>Preparaci\u00f3n:&nbsp;<\/strong><\/p>\n<p>Esta receta low carb es t\u00e1n f\u00e1cil y deliciosa como la foto muestra. Primero cortamos la zanahoria con un rallador de verduras en espiral. A continuaci\u00f3n a\u00f1adimos el edamame y el tempeh cortado en trozitos en una sart\u00e9n para que se tueste un poco. Por \u00faltimo mezclamos todo en un cuenco y a\u00f1adimos la salsa de cacahuete opcional. Se puede condimentar con cilantro y trozitos de cacahuete. Bon app\u00e9tit!&nbsp;<\/p>\n<div\n        class=\"\n          image-block-outer-wrapper\n          layout-caption-below\n          design-layout-inline\n          combination-animation-none\n          individual-animation-none\n          individual-text-animation-none\n        \"\n        data-test=\"image-block-inline-outer-wrapper\"\n    ><\/p>\n<figure\n            class=\"\n              sqs-block-image-figure\n              intrinsic\n            \"\n            style=\"max-width:654px;\"\n        ><\/p>\n<div\n              \n              \n              class=\"image-block-wrapper\"\n              data-animation-role=\"image\"\n              \n  \n\n          ><\/p>\n<div class=\"sqs-image-shape-container-element\n              \n          \n        \n              has-aspect-ratio\n            \" style=\"\n                position: relative;\n                \n                  padding-bottom:57.18654251098633%;\n                \n                \n  overflow: hidden;\n  \n    \n    \n    \n    \n  \n\n              \"\n              ><br \/>\n              <noscript><img decoding=\"async\" src=\"https:\/\/eco-nnect.com\/wp-content\/uploads\/2022\/01\/Capturadepantalla2021-08-27alas13.25.04.png\" alt=\"Captura de pantalla 2021-08-27 a las 13.25.04.png\" \/><\/noscript><img decoding=\"async\" class=\"thumb-image\" src=\"https:\/\/eco-nnect.com\/wp-content\/uploads\/2022\/01\/Capturadepantalla2021-08-27alas13.25.04.png\" data-image=\"http:\/\/eco-nnect.com\/wp-content\/uploads\/2022\/01\/Capturadepantalla2021-08-27alas13.25.04.png\" data-image-dimensions=\"654x374\" data-image-focal-point=\"0.5,0.5\" alt=\"Captura de pantalla 2021-08-27 a las 13.25.04.png\" data-load=\"false\" data-image-id=\"6128cd18358cde35e63f392e\" data-type=\"image\" \/>\n            <\/div>\n<\/p><\/div>\n<\/figure><\/div>\n<p><strong>4. Mel\u00f3n con yogur a la menta <\/strong><\/p>\n<p><strong>Ingredientes:&nbsp;<\/strong><\/p>\n<p>Yogur griego (450g)&nbsp;<\/p>\n<p>Mel\u00f3n mediano&nbsp;<\/p>\n<p>2 ramitas de menta fresca picada<\/p>\n<p>2 cucharadas de miel&nbsp;<\/p>\n<p><strong>Preparaci\u00f3n:&nbsp;<\/strong><\/p>\n<p>Si te apetece un postre fresquito y salir de lo aburrido, esta receta te ofrece un postre ligero y refrescante. Primero mezclamos el yogur con la miel y la menta y lo refrigeramos durante unas horas (2-3h). Despu\u00e9s es tan simple como partir el mel\u00f3n al gusto y a\u00f1adir esta rica salsa por encima. \u00a1Rico, f\u00e1cil y fresco!<\/p>\n<div\n        class=\"\n          image-block-outer-wrapper\n          layout-caption-below\n          design-layout-inline\n          combination-animation-none\n          individual-animation-none\n          individual-text-animation-none\n        \"\n        data-test=\"image-block-inline-outer-wrapper\"\n    ><\/p>\n<figure\n            class=\"\n              sqs-block-image-figure\n              intrinsic\n            \"\n            style=\"max-width:668px;\"\n        ><\/p>\n<div\n              \n              \n              class=\"image-block-wrapper\"\n              data-animation-role=\"image\"\n              \n  \n\n          ><\/p>\n<div class=\"sqs-image-shape-container-element\n              \n          \n        \n              has-aspect-ratio\n            \" style=\"\n                position: relative;\n                \n                  padding-bottom:53.592811584472656%;\n                \n                \n  overflow: hidden;\n  \n    \n    \n    \n    \n  \n\n              \"\n              ><br \/>\n              <noscript><img decoding=\"async\" src=\"https:\/\/eco-nnect.com\/wp-content\/uploads\/2022\/01\/Capturadepantalla2021-08-27alas13.25.11.png\" alt=\"\" \/><\/noscript><img decoding=\"async\" class=\"thumb-image\" src=\"https:\/\/eco-nnect.com\/wp-content\/uploads\/2022\/01\/Capturadepantalla2021-08-27alas13.25.11.png\" data-image=\"http:\/\/eco-nnect.com\/wp-content\/uploads\/2022\/01\/Capturadepantalla2021-08-27alas13.25.11.png\" data-image-dimensions=\"668x358\" data-image-focal-point=\"0.5,0.5\" alt=\"\" data-load=\"false\" data-image-id=\"6128d085847adb775fa70438\" data-type=\"image\" \/>\n            <\/div>\n<\/p><\/div>\n<\/figure><\/div>\n<p><strong>5. Bizcocho con chocolate y nueces <\/strong><\/p>\n<ul>\n<li>\n<p>180 g de harina integral&nbsp;<\/p>\n<\/li>\n<\/ul>\n<ul>\n<li>\n<p>3 huevos M ECO<\/p>\n<\/li>\n<li>\n<p>150 g de aceite de oliva virgen extra&nbsp;<\/p>\n<\/li>\n<li>\n<p>1 yogur natural&nbsp;<\/p>\n<\/li>\n<li>\n<p>10 g de levadura de reposter\u00eda<\/p>\n<\/li>\n<li>\n<p>1 cucharadita de vainilla&nbsp;<\/p>\n<\/li>\n<li>\n<p>20 g de cacao en polvo sin az\u00facar y 60 g de chocolate negro 70% cacao sin az\u00facar para decorar (opcional)&nbsp;<\/p>\n<\/li>\n<li>\n<p>Pu\u00f1adito de nueces peladas (opcional)&nbsp;<\/p>\n<\/li>\n<\/ul>\n<p><strong>Preparaci\u00f3n&nbsp;<\/strong><\/p>\n<p>Primero hay que mezclar los ingredientes s\u00f3lidos. A\u00f1ade en un bowl la harina integral, la levadura y el chocolate negro en polvo. Seguidamente, bate los huevos y a\u00f1adelos al recipiente junto con el yogur. Ahora incorpora el aceite y la vainilla mezclando con mayor suavidad. Una vez est\u00e9 todo bien mezclado a\u00f1ade las nueces y verter en un molde horneable (con papel de horno debajo y un chorrito de aceite oliva virgen extra para que no se pegue). Precalentar el horno a 180\u00ba y una vez caliente, dejarlo hornear durante 40 mins aprox. Cuando est\u00e9 listo, derrite el chocolate en el microondas y viertelo sobre el bizcocho con una cucharada. \u00a1Ya puedes tomarte tu postre sin remordimientos!&nbsp;<\/p>\n<div\n        class=\"\n          image-block-outer-wrapper\n          layout-caption-below\n          design-layout-inline\n          combination-animation-none\n          individual-animation-none\n          individual-text-animation-none\n        \"\n        data-test=\"image-block-inline-outer-wrapper\"\n    ><\/p>\n<figure\n            class=\"\n              sqs-block-image-figure\n              intrinsic\n            \"\n            style=\"max-width:614px;\"\n        ><\/p>\n<div\n              \n              \n              class=\"image-block-wrapper\"\n              data-animation-role=\"image\"\n              \n  \n\n          ><\/p>\n<div class=\"sqs-image-shape-container-element\n              \n          \n        \n              has-aspect-ratio\n            \" style=\"\n                position: relative;\n                \n                  padding-bottom:60.91205596923828%;\n                \n                \n  overflow: hidden;\n  \n    \n    \n    \n    \n  \n\n              \"\n              ><br \/>\n              <noscript><img decoding=\"async\" src=\"https:\/\/eco-nnect.com\/wp-content\/uploads\/2022\/01\/Capturadepantalla2021-08-27alas13.25.17.png\" alt=\"Captura de pantalla 2021-08-27 a las 13.25.17.png\" \/><\/noscript><img decoding=\"async\" class=\"thumb-image\" src=\"https:\/\/eco-nnect.com\/wp-content\/uploads\/2022\/01\/Capturadepantalla2021-08-27alas13.25.17.png\" data-image=\"http:\/\/eco-nnect.com\/wp-content\/uploads\/2022\/01\/Capturadepantalla2021-08-27alas13.25.17.png\" data-image-dimensions=\"614x374\" data-image-focal-point=\"0.5,0.5\" alt=\"Captura de pantalla 2021-08-27 a las 13.25.17.png\" data-load=\"false\" data-image-id=\"6128d0a14b982f5fffd07263\" data-type=\"image\" \/>\n            <\/div>\n<\/p><\/div>\n<\/figure><\/div>\n","protected":false},"excerpt":{"rendered":"<p><span class=\"rt-reading-time\" style=\"display: block;\"><span class=\"rt-label rt-prefix\">Reading Time: <\/span> <span class=\"rt-time\">4<\/span> <span class=\"rt-label rt-postfix\">min<\/span><\/span> Con la llegada del oto\u00f1o parece que hay m\u00e1s ganas de cocinar en casa y como siempre, las mejores opciones incluyen alimentos de temporada. \u00c9stos son m\u00e1s sanos, m\u00e1s baratos y mejores para el medio ambiente ya que aprovechamos los alimentos que m\u00e1s se producen en esta \u00e9poca del a\u00f1o. Por eso aqu\u00ed tienes una &hellip;<\/p>\n<p class=\"read-more\"> <a class=\"\" href=\"https:\/\/eco-nnect.com\/es\/2021-8-26-alimentos-de-temporada-nuevas-recetas-para-septiembre\/\"> <span class=\"screen-reader-text\">Alimentos de temporada, nuevas recetas para Septiembre<\/span> Leer m\u00e1s &raquo;<\/a><\/p>\n","protected":false},"author":7,"featured_media":3502,"comment_status":"open","ping_status":"open","sticky":false,"template":"","format":"standard","meta":{"site-sidebar-layout":"default","site-content-layout":"default","ast-main-header-display":"","ast-hfb-above-header-display":"","ast-hfb-below-header-display":"","ast-hfb-mobile-header-display":"","site-post-title":"","ast-breadcrumbs-content":"","ast-featured-img":"","footer-sml-layout":"","theme-transparent-header-meta":"","adv-header-id-meta":"","stick-header-meta":"","header-above-stick-meta":"","header-main-stick-meta":"","header-below-stick-meta":""},"categories":[1920],"tags":[],"yoast_head":"<!-- This site is optimized with the Yoast SEO plugin v20.2.1 - https:\/\/yoast.com\/wordpress\/plugins\/seo\/ -->\n<title>Alimentos de temporada, nuevas recetas para Septiembre - eco-nnect<\/title>\n<meta name=\"robots\" content=\"index, follow, max-snippet:-1, max-image-preview:large, max-video-preview:-1\" \/>\n<link rel=\"canonical\" href=\"https:\/\/eco-nnect.com\/es\/2021-8-26-alimentos-de-temporada-nuevas-recetas-para-septiembre\/\" \/>\n<meta property=\"og:locale\" content=\"es_ES\" \/>\n<meta property=\"og:type\" content=\"article\" \/>\n<meta property=\"og:title\" content=\"Alimentos de temporada, nuevas recetas para Septiembre - eco-nnect\" \/>\n<meta property=\"og:description\" content=\"Reading Time: 4 min Con la llegada del oto\u00f1o parece que hay m\u00e1s ganas de cocinar en casa y como siempre, las mejores opciones incluyen alimentos de temporada. \u00c9stos son m\u00e1s sanos, m\u00e1s baratos y mejores para el medio ambiente ya que aprovechamos los alimentos que m\u00e1s se producen en esta \u00e9poca del a\u00f1o. Por eso aqu\u00ed tienes una &hellip; Alimentos de temporada, nuevas recetas para Septiembre Leer m\u00e1s &raquo;\" \/>\n<meta property=\"og:url\" content=\"https:\/\/eco-nnect.com\/es\/2021-8-26-alimentos-de-temporada-nuevas-recetas-para-septiembre\/\" \/>\n<meta property=\"og:site_name\" content=\"eco-nnect\" \/>\n<meta property=\"article:published_time\" content=\"2021-08-27T11:37:42+00:00\" \/>\n<meta property=\"article:modified_time\" content=\"2022-06-09T14:48:36+00:00\" \/>\n<meta property=\"og:image\" content=\"https:\/\/eco-nnect.com\/wp-content\/uploads\/2021\/08\/alimentos.jpeg\" \/>\n\t<meta property=\"og:image:width\" content=\"564\" \/>\n\t<meta property=\"og:image:height\" content=\"846\" \/>\n\t<meta property=\"og:image:type\" content=\"image\/jpeg\" \/>\n<meta name=\"author\" content=\"Mar\u00eda S\u00e1nchez\" \/>\n<meta name=\"twitter:card\" content=\"summary_large_image\" \/>\n<meta name=\"twitter:label1\" content=\"Escrito por\" \/>\n\t<meta name=\"twitter:data1\" content=\"Mar\u00eda S\u00e1nchez\" \/>\n\t<meta name=\"twitter:label2\" content=\"Tiempo de lectura\" \/>\n\t<meta name=\"twitter:data2\" content=\"4 minutos\" \/>\n<script type=\"application\/ld+json\" class=\"yoast-schema-graph\">{\"@context\":\"https:\/\/schema.org\",\"@graph\":[{\"@type\":\"Article\",\"@id\":\"https:\/\/eco-nnect.com\/es\/2021-8-26-alimentos-de-temporada-nuevas-recetas-para-septiembre\/#article\",\"isPartOf\":{\"@id\":\"https:\/\/eco-nnect.com\/es\/2021-8-26-alimentos-de-temporada-nuevas-recetas-para-septiembre\/\"},\"author\":{\"name\":\"Mar\u00eda S\u00e1nchez\",\"@id\":\"https:\/\/eco-nnect.com\/#\/schema\/person\/abb9dd660cbda600530c76b511b63c9f\"},\"headline\":\"Alimentos de temporada, nuevas recetas para Septiembre\",\"datePublished\":\"2021-08-27T11:37:42+00:00\",\"dateModified\":\"2022-06-09T14:48:36+00:00\",\"mainEntityOfPage\":{\"@id\":\"https:\/\/eco-nnect.com\/es\/2021-8-26-alimentos-de-temporada-nuevas-recetas-para-septiembre\/\"},\"wordCount\":752,\"commentCount\":0,\"publisher\":{\"@id\":\"https:\/\/eco-nnect.com\/#organization\"},\"articleSection\":[\"Sin categorizar\"],\"inLanguage\":\"es\",\"potentialAction\":[{\"@type\":\"CommentAction\",\"name\":\"Comment\",\"target\":[\"https:\/\/eco-nnect.com\/es\/2021-8-26-alimentos-de-temporada-nuevas-recetas-para-septiembre\/#respond\"]}]},{\"@type\":\"WebPage\",\"@id\":\"https:\/\/eco-nnect.com\/es\/2021-8-26-alimentos-de-temporada-nuevas-recetas-para-septiembre\/\",\"url\":\"https:\/\/eco-nnect.com\/es\/2021-8-26-alimentos-de-temporada-nuevas-recetas-para-septiembre\/\",\"name\":\"Alimentos de temporada, nuevas recetas para Septiembre - eco-nnect\",\"isPartOf\":{\"@id\":\"https:\/\/eco-nnect.com\/#website\"},\"datePublished\":\"2021-08-27T11:37:42+00:00\",\"dateModified\":\"2022-06-09T14:48:36+00:00\",\"breadcrumb\":{\"@id\":\"https:\/\/eco-nnect.com\/es\/2021-8-26-alimentos-de-temporada-nuevas-recetas-para-septiembre\/#breadcrumb\"},\"inLanguage\":\"es\",\"potentialAction\":[{\"@type\":\"ReadAction\",\"target\":[\"https:\/\/eco-nnect.com\/es\/2021-8-26-alimentos-de-temporada-nuevas-recetas-para-septiembre\/\"]}]},{\"@type\":\"BreadcrumbList\",\"@id\":\"https:\/\/eco-nnect.com\/es\/2021-8-26-alimentos-de-temporada-nuevas-recetas-para-septiembre\/#breadcrumb\",\"itemListElement\":[{\"@type\":\"ListItem\",\"position\":1,\"name\":\"Home\",\"item\":\"https:\/\/eco-nnect.com\/es\/\"},{\"@type\":\"ListItem\",\"position\":2,\"name\":\"Alimentos de temporada, nuevas recetas para Septiembre\"}]},{\"@type\":\"WebSite\",\"@id\":\"https:\/\/eco-nnect.com\/#website\",\"url\":\"https:\/\/eco-nnect.com\/\",\"name\":\"eco-nnect\",\"description\":\"\",\"publisher\":{\"@id\":\"https:\/\/eco-nnect.com\/#organization\"},\"potentialAction\":[{\"@type\":\"SearchAction\",\"target\":{\"@type\":\"EntryPoint\",\"urlTemplate\":\"https:\/\/eco-nnect.com\/?s={search_term_string}\"},\"query-input\":\"required name=search_term_string\"}],\"inLanguage\":\"es\"},{\"@type\":\"Organization\",\"@id\":\"https:\/\/eco-nnect.com\/#organization\",\"name\":\"eco-nnect\",\"url\":\"https:\/\/eco-nnect.com\/\",\"logo\":{\"@type\":\"ImageObject\",\"inLanguage\":\"es\",\"@id\":\"https:\/\/eco-nnect.com\/#\/schema\/logo\/image\/\",\"url\":\"https:\/\/eco-nnect.com\/wp-content\/uploads\/2022\/02\/econnect.png\",\"contentUrl\":\"https:\/\/eco-nnect.com\/wp-content\/uploads\/2022\/02\/econnect.png\",\"width\":800,\"height\":132,\"caption\":\"eco-nnect\"},\"image\":{\"@id\":\"https:\/\/eco-nnect.com\/#\/schema\/logo\/image\/\"}},{\"@type\":\"Person\",\"@id\":\"https:\/\/eco-nnect.com\/#\/schema\/person\/abb9dd660cbda600530c76b511b63c9f\",\"name\":\"Mar\u00eda S\u00e1nchez\",\"image\":{\"@type\":\"ImageObject\",\"inLanguage\":\"es\",\"@id\":\"https:\/\/eco-nnect.com\/#\/schema\/person\/image\/\",\"url\":\"https:\/\/secure.gravatar.com\/avatar\/4805647540ddf7224a47bff32c9bbfd9?s=96&d=mm&r=g\",\"contentUrl\":\"https:\/\/secure.gravatar.com\/avatar\/4805647540ddf7224a47bff32c9bbfd9?s=96&d=mm&r=g\",\"caption\":\"Mar\u00eda S\u00e1nchez\"},\"sameAs\":[\"https:\/\/www.linkedin.com\/in\/mariasanchezfaus\/\"],\"url\":\"https:\/\/eco-nnect.com\/es\/author\/msanchezf-ieu2017student-ie-edu\/\"}]}<\/script>\n<!-- \/ Yoast SEO plugin. -->","yoast_head_json":{"title":"Alimentos de temporada, nuevas recetas para Septiembre - eco-nnect","robots":{"index":"index","follow":"follow","max-snippet":"max-snippet:-1","max-image-preview":"max-image-preview:large","max-video-preview":"max-video-preview:-1"},"canonical":"https:\/\/eco-nnect.com\/es\/2021-8-26-alimentos-de-temporada-nuevas-recetas-para-septiembre\/","og_locale":"es_ES","og_type":"article","og_title":"Alimentos de temporada, nuevas recetas para Septiembre - eco-nnect","og_description":"Reading Time: 4 min Con la llegada del oto\u00f1o parece que hay m\u00e1s ganas de cocinar en casa y como siempre, las mejores opciones incluyen alimentos de temporada. \u00c9stos son m\u00e1s sanos, m\u00e1s baratos y mejores para el medio ambiente ya que aprovechamos los alimentos que m\u00e1s se producen en esta \u00e9poca del a\u00f1o. Por eso aqu\u00ed tienes una &hellip; Alimentos de temporada, nuevas recetas para Septiembre Leer m\u00e1s &raquo;","og_url":"https:\/\/eco-nnect.com\/es\/2021-8-26-alimentos-de-temporada-nuevas-recetas-para-septiembre\/","og_site_name":"eco-nnect","article_published_time":"2021-08-27T11:37:42+00:00","article_modified_time":"2022-06-09T14:48:36+00:00","og_image":[{"width":564,"height":846,"url":"https:\/\/eco-nnect.com\/wp-content\/uploads\/2021\/08\/alimentos.jpeg","type":"image\/jpeg"}],"author":"Mar\u00eda S\u00e1nchez","twitter_card":"summary_large_image","twitter_misc":{"Escrito por":"Mar\u00eda S\u00e1nchez","Tiempo de lectura":"4 minutos"},"schema":{"@context":"https:\/\/schema.org","@graph":[{"@type":"Article","@id":"https:\/\/eco-nnect.com\/es\/2021-8-26-alimentos-de-temporada-nuevas-recetas-para-septiembre\/#article","isPartOf":{"@id":"https:\/\/eco-nnect.com\/es\/2021-8-26-alimentos-de-temporada-nuevas-recetas-para-septiembre\/"},"author":{"name":"Mar\u00eda S\u00e1nchez","@id":"https:\/\/eco-nnect.com\/#\/schema\/person\/abb9dd660cbda600530c76b511b63c9f"},"headline":"Alimentos de temporada, nuevas recetas para Septiembre","datePublished":"2021-08-27T11:37:42+00:00","dateModified":"2022-06-09T14:48:36+00:00","mainEntityOfPage":{"@id":"https:\/\/eco-nnect.com\/es\/2021-8-26-alimentos-de-temporada-nuevas-recetas-para-septiembre\/"},"wordCount":752,"commentCount":0,"publisher":{"@id":"https:\/\/eco-nnect.com\/#organization"},"articleSection":["Sin categorizar"],"inLanguage":"es","potentialAction":[{"@type":"CommentAction","name":"Comment","target":["https:\/\/eco-nnect.com\/es\/2021-8-26-alimentos-de-temporada-nuevas-recetas-para-septiembre\/#respond"]}]},{"@type":"WebPage","@id":"https:\/\/eco-nnect.com\/es\/2021-8-26-alimentos-de-temporada-nuevas-recetas-para-septiembre\/","url":"https:\/\/eco-nnect.com\/es\/2021-8-26-alimentos-de-temporada-nuevas-recetas-para-septiembre\/","name":"Alimentos de temporada, nuevas recetas para Septiembre - eco-nnect","isPartOf":{"@id":"https:\/\/eco-nnect.com\/#website"},"datePublished":"2021-08-27T11:37:42+00:00","dateModified":"2022-06-09T14:48:36+00:00","breadcrumb":{"@id":"https:\/\/eco-nnect.com\/es\/2021-8-26-alimentos-de-temporada-nuevas-recetas-para-septiembre\/#breadcrumb"},"inLanguage":"es","potentialAction":[{"@type":"ReadAction","target":["https:\/\/eco-nnect.com\/es\/2021-8-26-alimentos-de-temporada-nuevas-recetas-para-septiembre\/"]}]},{"@type":"BreadcrumbList","@id":"https:\/\/eco-nnect.com\/es\/2021-8-26-alimentos-de-temporada-nuevas-recetas-para-septiembre\/#breadcrumb","itemListElement":[{"@type":"ListItem","position":1,"name":"Home","item":"https:\/\/eco-nnect.com\/es\/"},{"@type":"ListItem","position":2,"name":"Alimentos de temporada, nuevas recetas para Septiembre"}]},{"@type":"WebSite","@id":"https:\/\/eco-nnect.com\/#website","url":"https:\/\/eco-nnect.com\/","name":"eco-nnect","description":"","publisher":{"@id":"https:\/\/eco-nnect.com\/#organization"},"potentialAction":[{"@type":"SearchAction","target":{"@type":"EntryPoint","urlTemplate":"https:\/\/eco-nnect.com\/?s={search_term_string}"},"query-input":"required name=search_term_string"}],"inLanguage":"es"},{"@type":"Organization","@id":"https:\/\/eco-nnect.com\/#organization","name":"eco-nnect","url":"https:\/\/eco-nnect.com\/","logo":{"@type":"ImageObject","inLanguage":"es","@id":"https:\/\/eco-nnect.com\/#\/schema\/logo\/image\/","url":"https:\/\/eco-nnect.com\/wp-content\/uploads\/2022\/02\/econnect.png","contentUrl":"https:\/\/eco-nnect.com\/wp-content\/uploads\/2022\/02\/econnect.png","width":800,"height":132,"caption":"eco-nnect"},"image":{"@id":"https:\/\/eco-nnect.com\/#\/schema\/logo\/image\/"}},{"@type":"Person","@id":"https:\/\/eco-nnect.com\/#\/schema\/person\/abb9dd660cbda600530c76b511b63c9f","name":"Mar\u00eda S\u00e1nchez","image":{"@type":"ImageObject","inLanguage":"es","@id":"https:\/\/eco-nnect.com\/#\/schema\/person\/image\/","url":"https:\/\/secure.gravatar.com\/avatar\/4805647540ddf7224a47bff32c9bbfd9?s=96&d=mm&r=g","contentUrl":"https:\/\/secure.gravatar.com\/avatar\/4805647540ddf7224a47bff32c9bbfd9?s=96&d=mm&r=g","caption":"Mar\u00eda S\u00e1nchez"},"sameAs":["https:\/\/www.linkedin.com\/in\/mariasanchezfaus\/"],"url":"https:\/\/eco-nnect.com\/es\/author\/msanchezf-ieu2017student-ie-edu\/"}]}},"_links":{"self":[{"href":"https:\/\/eco-nnect.com\/es\/wp-json\/wp\/v2\/posts\/5038"}],"collection":[{"href":"https:\/\/eco-nnect.com\/es\/wp-json\/wp\/v2\/posts"}],"about":[{"href":"https:\/\/eco-nnect.com\/es\/wp-json\/wp\/v2\/types\/post"}],"author":[{"embeddable":true,"href":"https:\/\/eco-nnect.com\/es\/wp-json\/wp\/v2\/users\/7"}],"replies":[{"embeddable":true,"href":"https:\/\/eco-nnect.com\/es\/wp-json\/wp\/v2\/comments?post=5038"}],"version-history":[{"count":7,"href":"https:\/\/eco-nnect.com\/es\/wp-json\/wp\/v2\/posts\/5038\/revisions"}],"predecessor-version":[{"id":9474,"href":"https:\/\/eco-nnect.com\/es\/wp-json\/wp\/v2\/posts\/5038\/revisions\/9474"}],"wp:featuredmedia":[{"embeddable":true,"href":"https:\/\/eco-nnect.com\/es\/wp-json\/wp\/v2\/media\/3502"}],"wp:attachment":[{"href":"https:\/\/eco-nnect.com\/es\/wp-json\/wp\/v2\/media?parent=5038"}],"wp:term":[{"taxonomy":"category","embeddable":true,"href":"https:\/\/eco-nnect.com\/es\/wp-json\/wp\/v2\/categories?post=5038"},{"taxonomy":"post_tag","embeddable":true,"href":"https:\/\/eco-nnect.com\/es\/wp-json\/wp\/v2\/tags?post=5038"}],"curies":[{"name":"wp","href":"https:\/\/api.w.org\/{rel}","templated":true}]}}