{"id":13570,"date":"2023-01-21T18:22:43","date_gmt":"2023-01-21T18:22:43","guid":{"rendered":"https:\/\/eco-nnect.com\/?p=13570"},"modified":"2023-04-18T17:46:40","modified_gmt":"2023-04-18T17:46:40","slug":"cuando-los-glaciares-lloran-2","status":"publish","type":"post","link":"https:\/\/eco-nnect.com\/es\/cuando-los-glaciares-lloran-2\/","title":{"rendered":"Cuando los glaciares lloran"},"content":{"rendered":"<span class=\"rt-reading-time\" style=\"display: block;\"><span class=\"rt-label rt-prefix\">Reading Time: <\/span> <span class=\"rt-time\">7<\/span> <span class=\"rt-label rt-postfix\">min<\/span><\/span><p><span style=\"font-weight: 400;\">Las pasadas navidades las pas\u00e9 en Saanen, Suiza, en casa de una familia en donde me he quedado a lo largo de mi vida. Una extra\u00f1a ola de calor se instal\u00f3 en el Norte de Europa, fue el diciembre m\u00e1s caluroso del que me puedo acordar, <a href=\"https:\/\/www.bbc.com\/news\/world-europe-64158283\">con temperaturas que fulminaron los r\u00e9cords en casi todos los pa\u00edses del continente<\/a>. Hice senderismo bajo el sol y con temperaturas agradables, y sent\u00ed la confusi\u00f3n de los animales por el clima primaveral adelantado. \u00bfDeber\u00edan salir de la hibernaci\u00f3n? \u00bfD\u00f3nde qued\u00f3 el invierno?<\/span><\/p>\n<p><span style=\"font-weight: 400;\">Hay un glaciar cerca del pueblo que se ha venido desvaneciendo frente a nuestros ojos, a una velocidad \u201cno tan glacial\u201d. Mientras caminaba, lo mir\u00e9 y me pregunt\u00e9 c\u00f3mo le estaba yendo debajo del sol. Suiza es el pa\u00eds con el mayor n\u00famero de glaciares en los Alpes, con m\u00e1s de 1.400. Los suizos han llegado hasta a <a href=\"https:\/\/www.ecowatch.com\/glacier-melting-switzerland-blankets-protection-2654842780.html\">cubrirlos con mantas en el verano<\/a>, como un intento desesperado para evitar que se derritan tan r\u00e1pido. \u00bfDeber\u00edan empezar a cubrirlos en el invierno tambi\u00e9n? Yo espero que esta ola de calor sea solamente una anomal\u00eda.<\/span><\/p>\n<p><span style=\"font-weight: 400;\">Usualmente, el d\u00eda lo pasamos esquiando, pero este a\u00f1o llovi\u00f3 casi todos los d\u00edas. Las temperaturas diarias llegaron a los 8\u00b0C, lo que implic\u00f3 que no cayera nieve. Entonces, cuando las predicciones cambiaron en enero y un amigo me invit\u00f3 a subir a la monta\u00f1a, me pareci\u00f3 una buena idea desempolvar mis esqu\u00eds.<\/span><\/p>\n<p><span style=\"font-weight: 400;\">Conoc\u00ed a Gilbert Crettaz un maravilloso d\u00eda de nieve en Verbier, pues mi amigo lo hab\u00eda contratado para que nos mostrara la ciudad. Nos despertamos temprano para ir a la estaci\u00f3n de esqu\u00ed. Coincidimos con la primera gran nevada, y est\u00e1bamos muy emocionados por haber llegado justo a tiempo para disfrutarla. Gilbert es exactamente el gu\u00eda de esqu\u00ed que uno espera, una persona confiable, positiva y conocedora, un verdadero local que conoce la zona como la palma de su mano.<\/span><\/p>\n<p><span style=\"font-weight: 400;\">\u201cMi padre era un gu\u00eda de monta\u00f1a en un peque\u00f1o pueblo de apenas 80 habitantes, a 1.800 metros sobre el nivel del mar. Mi madre era una aventurera que ven\u00eda de Luxemburgo, sin deseo de casarse, amaba las monta\u00f1as y viajaba mucho: Austria, Suiza\u2026 Un d\u00eda de 1968, en la biblioteca de Luxemburgo, se encontr\u00f3 un libro sobre un pueblo llamado La Forclaz. En ese momento decidi\u00f3 pasar sus vacaciones de invierno en ese pueblito. Y as\u00ed lo hizo, fue a La Forclaz a pasar sus vacaciones, y una vez ah\u00ed quer\u00eda subir a La Dent Blanche. Estaba buscando un gu\u00eda, y se encontr\u00f3 con mi padre.\u201d<\/span><\/p>\n<p><span style=\"font-weight: 400;\">A Gilbert fue criado por aut\u00e9nticos alpinistas en un peque\u00f1o pueblo agr\u00edcola llamado La Forclaz, en la mitad de Suiza. El pueblo est\u00e1 rodeado por dos glaciares,\u00a0 el Ferpecle y el Mont Min\u00e9. Estuvo separado del resto del pa\u00eds hasta la d\u00e9cada de los setenta, cuando fue construida finalmente una carretera de acceso. Los locales todav\u00eda hablan su propio dialecto, y hasta los a\u00f1os setenta la comunidad depend\u00eda totalmente de la agricultura de subsistencia. Gilbert recuerda que sus abuelos no necesitaban nada de dinero, y cuenta historias sobre ancianos preocupados por el avance de los glaciares, y no por su retroceso.<\/span><\/p>\n<p><span style=\"font-weight: 400;\">\u201cSol\u00edan haber muchos lugares donde los glaciares avanzaban, y donde hab\u00eda edificios la gente se sol\u00eda asustar mucho. Muchos rezaban como si los glaciares fueran el demonio, y hac\u00edan procesiones rezando para que los glaciares retrocedieran y no alcanzaran a todo el pueblo.\u201d<\/span><\/p>\n<p><span style=\"font-weight: 400;\">La mayor\u00eda de los glaciares en Suiza han estado en retroceso por los \u00faltimos 100 a\u00f1os. De hecho, todos los <a href=\"https:\/\/www.swissinfo.ch\/eng\/why-melting-glaciers-affect-us-all\/45810296\">glaciares suizos se han reducido a menos de la mitad de su tama\u00f1o en los \u00faltimos 85 a\u00f1os<\/a>. Las investigaciones advierten que todos los glaciares alpinos est\u00e1n en riesgo de desaparecer al final de este siglo, y Suiza ya ha visto un aumento de temperaturas de 2 grados celsius en comparaci\u00f3n con los niveles preindustriales.<\/span><\/p>\n<p>&nbsp;<\/p>\n<figure id=\"attachment_12443\" aria-describedby=\"caption-attachment-12443\" style=\"width: 707px\" class=\"wp-caption alignnone\"><img decoding=\"async\" loading=\"lazy\" class=\" wp-image-12443\" src=\"https:\/\/eco-nnect.com\/wp-content\/uploads\/2023\/01\/ferpecle-20.jpeg\" alt=\"ferpecle glacier in 2020\" width=\"707\" height=\"480\" srcset=\"https:\/\/eco-nnect.com\/wp-content\/uploads\/2023\/01\/ferpecle-20.jpeg 1600w, https:\/\/eco-nnect.com\/wp-content\/uploads\/2023\/01\/ferpecle-20-600x407.jpeg 600w, https:\/\/eco-nnect.com\/wp-content\/uploads\/2023\/01\/ferpecle-20-300x204.jpeg 300w, https:\/\/eco-nnect.com\/wp-content\/uploads\/2023\/01\/ferpecle-20-1024x695.jpeg 1024w, https:\/\/eco-nnect.com\/wp-content\/uploads\/2023\/01\/ferpecle-20-768x521.jpeg 768w, https:\/\/eco-nnect.com\/wp-content\/uploads\/2023\/01\/ferpecle-20-1536x1043.jpeg 1536w\" sizes=\"(max-width: 707px) 100vw, 707px\" \/><figcaption id=\"caption-attachment-12443\" class=\"wp-caption-text\">Ferpecle glacier, Switzerland 2020<\/figcaption><\/figure>\n<figure id=\"attachment_12445\" aria-describedby=\"caption-attachment-12445\" style=\"width: 710px\" class=\"wp-caption alignnone\"><img decoding=\"async\" loading=\"lazy\" class=\" wp-image-12445\" src=\"https:\/\/eco-nnect.com\/wp-content\/uploads\/2023\/01\/ferpecle.jpeg\" alt=\"ferpecle glacier 1900\" width=\"710\" height=\"481\" srcset=\"https:\/\/eco-nnect.com\/wp-content\/uploads\/2023\/01\/ferpecle.jpeg 1600w, https:\/\/eco-nnect.com\/wp-content\/uploads\/2023\/01\/ferpecle-600x407.jpeg 600w, https:\/\/eco-nnect.com\/wp-content\/uploads\/2023\/01\/ferpecle-300x203.jpeg 300w, https:\/\/eco-nnect.com\/wp-content\/uploads\/2023\/01\/ferpecle-1024x694.jpeg 1024w, https:\/\/eco-nnect.com\/wp-content\/uploads\/2023\/01\/ferpecle-768x520.jpeg 768w, https:\/\/eco-nnect.com\/wp-content\/uploads\/2023\/01\/ferpecle-1536x1041.jpeg 1536w\" sizes=\"(max-width: 710px) 100vw, 710px\" \/><figcaption id=\"caption-attachment-12445\" class=\"wp-caption-text\">El glaciar Ferpecle, Suiza 1900<\/figcaption><\/figure>\n<p><span style=\"font-weight: 400;\">Podr\u00eda decirse que crecer rodeado de glaciares ha hecho que Gilbert tenga m\u00e1s nieve que sangre corriendo por sus venas. Las aventuras en la monta\u00f1a definieron su infancia. A veces, en la mitad del invierno, la nieve que ca\u00eda era tan profunda que a \u00e9l y a su hermano les tocaba recorrer m\u00e1s de 40 minutos de camino desde su colegio hasta su casa.<\/span><\/p>\n<p><span style=\"font-weight: 400;\">\u201cEsa fue mi infancia en un peque\u00f1o pueblo, no ten\u00edamos escuela porque el pueblo era demasiado peque\u00f1o, entonces \u00edbamos a una escuela en otro pueblo que quedaba a 15 minutos en coche. A veces, hab\u00eda tanta nieve en el invierno que cortaban las calles, y entonces ten\u00edamos que recorrer el camino a pie, de ida y de vuelta. Nuestra infancia fue sencilla, no ten\u00edamos mucho, pero ten\u00edamos la naturaleza y ten\u00edamos mucha libertad.<\/span><\/p>\n<p><span style=\"font-weight: 400;\">Gilbert esquiaba todos los d\u00edas. El pueblo era muy peque\u00f1o como para tener una escuela, pero claramente ten\u00eda estaci\u00f3n de esqu\u00ed. Su hermano eventualmente lleg\u00f3 a tener un alto nivel competitivo, mientras que \u00e9l se enfoc\u00f3 en el snowboard, llegando a ser el primer snowboarder en intentar las cuestas m\u00e1s empinadas de Suiza. Desde muy joven, la pasi\u00f3n alpina de su padre se convirti\u00f3 en la suya, por lo que se le uni\u00f3 para escalar las monta\u00f1as m\u00e1s famosas y dif\u00edciles del mundo.<\/span><\/p>\n<p><span style=\"font-weight: 400;\">\u201cCrec\u00ed viendo a mi padre escalar la monta\u00f1a, y me despert\u00f3 una curiosidad de saber qu\u00e9 hab\u00eda all\u00e1 arriba. Lo ve\u00eda irse con sus clientes con una sonrisa en su cara, y cuando volv\u00eda del Dent-Blanche o del Cervino, se le ve\u00eda bronceado, en forma y extremadamente feliz. Entonces pens\u00e9 que me daba mucha curiosidad saber qu\u00e9 suced\u00eda all\u00e1 arriba, debe ser muy, muy lindo. Y as\u00ed fue que comenc\u00e9 a subir la monta\u00f1a con \u00e9l.\u201d<\/span><\/p>\n<p><span style=\"font-weight: 400;\">A los 18 a\u00f1os de edad se present\u00f3 al m\u00e1s dif\u00edcil curso de alpinismo suizo, pero al no tener suficiente experiencia, lo suspendi\u00f3. Entonces decidi\u00f3 ir a la universidad y titularse en hosteler\u00eda en Lausanne, pero para el momento en que cumpli\u00f3 los 22 a\u00f1os, se dio cuenta de que su verdadera vocaci\u00f3n estaba en la monta\u00f1a. As\u00ed, us\u00f3 sus ahorros para volver a las monta\u00f1as, embarc\u00e1ndose en a\u00f1os de aventuras en los que recuerda haber vivido la vida al m\u00e1ximo.<\/span><\/p>\n<p><span style=\"font-weight: 400;\">\u201cHonestamente, cuando tienes entre 21 y 28 a\u00f1os y tu vida se resume en hacer parapente, escalar monta\u00f1as y hacer snowboard con tus amigos, es como el santo grial, todo se orienta en torno al placer<\/span><span style=\"font-size: 16px; font-weight: 400;\">. Esos a\u00f1os me dediqu\u00e9 a disfrutar de la vida. A pesar de que me estaba divirtiendo, sab\u00eda que estaba invirtiendo en mi futuro tambi\u00e9n. Y cuando aprob\u00e9 el examen para convertirme en Gu\u00eda Alpino, sent\u00ed que fue el logro que m\u00e1s me hab\u00eda brindado gusto y satisfacci\u00f3n en mi vida.\u201d<\/span><\/p>\n<p><span style=\"font-weight: 400;\">Cuando cumpli\u00f3 los 30 a\u00f1os, Gilbert ya era instructor titulado de snowboard, profesor de parapente y gu\u00eda alpino. Viaj\u00f3 por todos los destinos de monta\u00f1a m\u00e1s importantes con clientes, desde Zermatt a Chamonix, pero termin\u00f3 estableci\u00e9ndose en la encantadora ciudad de Verbier, donde m\u00e1s tarde abri\u00f3 el <a href=\"https:\/\/www.guides-verbier.com\/en\/\">centro de gu\u00edas.<\/a><\/span><\/p>\n<p><span style=\"font-weight: 400;\">Le pregunt\u00e9 qu\u00e9 momento inolvidable le viene a la cabeza despu\u00e9s de sus 30 a\u00f1os de experiencia recorriendo los Alpes.<\/span><\/p>\n<p><span style=\"font-weight: 400;\">\u201cUna vez, un se\u00f1or lleg\u00f3 a la cima de la monta\u00f1a, en el Dent-Blanche, y estaba tan feliz, sudaba, se le sal\u00edan las l\u00e1grimas\u2026 me cogi\u00f3 en brazos y me bes\u00f3 en las mejillas. Estaba tan emocionado que yo tambi\u00e9n me emocion\u00e9, estaba tan feliz. Fue incre\u00edble, me sent\u00ed muy bien, \u00e9l hab\u00eda escalado ya varias monta\u00f1as, pero esta era su \u00faltima cumbre de 4.000 metros. Ten\u00eda 65 o 70 a\u00f1os, esta escalada es bastante dif\u00edcil, pero \u00e9l estaba tan feliz, tan emocionado. No fue algo extraordinario para m\u00ed, pero fue la emoci\u00f3n que hab\u00eda compartido con esta persona lo que a\u00fan recuerdo.\u201d<\/span><\/p>\n<p><span style=\"font-weight: 400;\">Su historia me recuerda un t\u00e9rmino que aprend\u00ed estudiando filosof\u00eda, lo sublime en la naturaleza: el sentimiento que experimentas cuando te encuentras con la inmensidad de la naturaleza. Esos momentos en los que una fuerza abrumadora se apodera de ti y tu mente se queda en blanco, estupefacta ante la magnificencia y la belleza de la naturaleza. Te sientes peque\u00f1o, pero protegido, como si por fin fueras consciente de que t\u00fa tambi\u00e9n formas parte de su red.<\/span><\/p>\n<p><span style=\"font-weight: 400;\">Gilbert es un optimista de coraz\u00f3n, pero, por supuesto, sus a\u00f1os recorriendo los Alpes le convierten tambi\u00e9n en testigo de las duras realidades causadas por los inviernos m\u00e1s c\u00e1lidos.<\/span><\/p>\n<p><span style=\"font-weight: 400;\">\u201cNo soy glaci\u00f3logo, pero todo el mundo puede ver que los glaciares est\u00e1n en retroceso, han pasado m\u00e1s de 100 a\u00f1os desde que empezaron a derretirse y ahora hay una aceleraci\u00f3n evidente. Lo que puedo decir es en relaci\u00f3n con mi trabajo. La dificultad se presenta si persisten las temperaturas moderadas en las monta\u00f1as, porque luego la nieve que cubre las grietas se ablanda, y si se ablanda demasiado puede ser realmente peligroso. Si caminas sobre nieve blanda y hay una grieta debajo, puedes caerte dentro de ella. Y si te caes, se vuelve muy muy complicado y peligroso.\u00a0 Esto es algo nuevo, hasta hace 10 a\u00f1os no nos hac\u00edamos estas preguntas. Antes de eso, por la noche helaba, y en la ma\u00f1ana estaba congelado. No siempre, pero en el 90 por ciento de los casos ten\u00edamos buenas condiciones.\u201d<\/span><\/p>\n<p><span style=\"font-weight: 400;\">El alpinismo, que ya de por s\u00ed es un deporte para los adictos a la adrenalina y para los amantes del riesgo, est\u00e1 subiendo su nivel de peligro, obligando a los gu\u00edas a tomar precauciones que nunca antes hab\u00edan tenido que tomar: evitar los glaciares en las rutas, acortar la temporada, o solamente llevar a personas debidamente entrenadas.<\/span><\/p>\n<p><span style=\"font-weight: 400;\">\u00abDesde hace unos a\u00f1os venimos teniendo muchas menos heladas por la noche, y muchos m\u00e1s accidentes, cosa que no hab\u00edamos tenido antes. Este a\u00f1o, a principios de julio, el Mont Blanc cerr\u00f3 debido al desprendimiento de rocas, el deshielo de los glaciares, las grietas y todo eso, as\u00ed que ahora nos estamos preparando para este verano. Creo que evitaremos los d\u00edas m\u00e1s calurosos, que son desde mediados de julio hasta mediados de agosto, pararemos porque hace demasiado calor, y reanudaremos a finales de agosto, cuando el sol todav\u00eda est\u00e1 un poco m\u00e1s bajo, hasta septiembre, octubre. He tenido que modificar muchas rutas con clientes\u00bb.<\/span><\/p>\n<p><span style=\"font-weight: 400;\">Los glaciares de todo el mundo est\u00e1n desapareciendo a un ritmo alarmante, desde el Himalaya hasta los Alpes y los Andes. El verano pasado, en Europa, los refugios de monta\u00f1a cerraron debido a la <a href=\"https:\/\/www.outlookindia.com\/travel\/europe-s-legendary-hiking-routes-are-getting-impacted-by-heat-waves-news-218298\">sequ\u00eda<\/a>, algunos incluso <a href=\"https:\/\/explorersweb.com\/the-crumbling-alps-now-the-bivouac-de-la-fourche-has-fallen\/\" class=\"broken_link\">cayeron por las laderas<\/a> por desprendimientos de rocas. Por primera vez se cerr\u00f3 el Mont Blanc para evitar accidentes mortales y se perdieron seis vidas al <a href=\"https:\/\/www.theguardian.com\/world\/2022\/jul\/03\/deaths-glacier-breaks-marmolada-mountain-italy\">derrumbarse un glaciar<\/a> en los Alpes Dolomitas en Italia. A medida que el planeta se calienta, los paisajes antes familiares se est\u00e1n transformando y volvi\u00e9ndose peligrosos. Es hora de que escuchemos los gritos de las monta\u00f1as.<\/span><\/p>\n<p><i><span style=\"font-weight: 400;\">Isabella Cavalletti es tejedora de historias y cofundadora de eco-nnect.<\/span><\/i><\/p>\n<p><i><span style=\"font-weight: 400;\">Este art\u00edculo fue traducido por Sarah Camhi. Hace parte del equipo de eco-nnect desde el 2020.<\/span><\/i><\/p>\n","protected":false},"excerpt":{"rendered":"<p><span class=\"rt-reading-time\" style=\"display: block;\"><span class=\"rt-label rt-prefix\">Reading Time: <\/span> <span class=\"rt-time\">7<\/span> <span class=\"rt-label rt-postfix\">min<\/span><\/span> Las pasadas navidades las pas\u00e9 en Saanen, Suiza, en casa de una familia en donde me he quedado a lo largo de mi vida. Una extra\u00f1a ola de calor se instal\u00f3 en el Norte de Europa, fue el diciembre m\u00e1s caluroso del que me puedo acordar, con temperaturas que fulminaron los r\u00e9cords en casi todos &hellip;<\/p>\n<p class=\"read-more\"> <a class=\"\" href=\"https:\/\/eco-nnect.com\/es\/cuando-los-glaciares-lloran-2\/\"> <span class=\"screen-reader-text\">Cuando los glaciares lloran<\/span> Leer m\u00e1s &raquo;<\/a><\/p>\n","protected":false},"author":3,"featured_media":12445,"comment_status":"closed","ping_status":"closed","sticky":false,"template":"","format":"standard","meta":{"site-sidebar-layout":"default","site-content-layout":"default","ast-main-header-display":"","ast-hfb-above-header-display":"","ast-hfb-below-header-display":"","ast-hfb-mobile-header-display":"","site-post-title":"","ast-breadcrumbs-content":"","ast-featured-img":"","footer-sml-layout":"","theme-transparent-header-meta":"default","adv-header-id-meta":"","stick-header-meta":"","header-above-stick-meta":"","header-main-stick-meta":"","header-below-stick-meta":""},"categories":[2123,2121,1928],"tags":[2154,2152,2153,2049],"yoast_head":"<!-- This site is optimized with the Yoast SEO plugin v20.2.1 - https:\/\/yoast.com\/wordpress\/plugins\/seo\/ -->\n<title>Cuando los glaciares lloran<\/title>\n<meta name=\"description\" content=\"Cuando los glaciares lloran. Los glaciares de todo el mundo est\u00e1n desapareciendo a un ritmo alarmante, desde Suiza hasta el Himalaya.\" \/>\n<meta name=\"robots\" content=\"index, follow, max-snippet:-1, max-image-preview:large, max-video-preview:-1\" \/>\n<link rel=\"canonical\" href=\"https:\/\/eco-nnect.com\/es\/cuando-los-glaciares-lloran-2\/\" \/>\n<meta property=\"og:locale\" content=\"es_ES\" \/>\n<meta property=\"og:type\" content=\"article\" \/>\n<meta property=\"og:title\" content=\"Cuando los glaciares lloran\" \/>\n<meta property=\"og:description\" content=\"Cuando los glaciares lloran. Los glaciares de todo el mundo est\u00e1n desapareciendo a un ritmo alarmante, desde Suiza hasta el Himalaya.\" \/>\n<meta property=\"og:url\" content=\"https:\/\/eco-nnect.com\/es\/cuando-los-glaciares-lloran-2\/\" \/>\n<meta property=\"og:site_name\" content=\"eco-nnect\" \/>\n<meta property=\"article:published_time\" content=\"2023-01-21T18:22:43+00:00\" \/>\n<meta property=\"article:modified_time\" content=\"2023-04-18T17:46:40+00:00\" \/>\n<meta property=\"og:image\" content=\"https:\/\/eco-nnect.com\/wp-content\/uploads\/2023\/01\/ferpecle.jpeg\" \/>\n\t<meta property=\"og:image:width\" content=\"1600\" \/>\n\t<meta property=\"og:image:height\" content=\"1084\" \/>\n\t<meta property=\"og:image:type\" content=\"image\/jpeg\" \/>\n<meta name=\"author\" content=\"Isabella Cavalletti\" \/>\n<meta name=\"twitter:card\" content=\"summary_large_image\" \/>\n<meta name=\"twitter:label1\" content=\"Escrito por\" \/>\n\t<meta name=\"twitter:data1\" content=\"Isabella Cavalletti\" \/>\n\t<meta name=\"twitter:label2\" content=\"Tiempo de lectura\" \/>\n\t<meta name=\"twitter:data2\" content=\"9 minutos\" \/>\n<script type=\"application\/ld+json\" class=\"yoast-schema-graph\">{\"@context\":\"https:\/\/schema.org\",\"@graph\":[{\"@type\":\"Article\",\"@id\":\"https:\/\/eco-nnect.com\/es\/cuando-los-glaciares-lloran-2\/#article\",\"isPartOf\":{\"@id\":\"https:\/\/eco-nnect.com\/es\/cuando-los-glaciares-lloran-2\/\"},\"author\":{\"name\":\"Isabella Cavalletti\",\"@id\":\"https:\/\/eco-nnect.com\/#\/schema\/person\/471cb7770f79f80f281c87a2b213805f\"},\"headline\":\"Cuando los glaciares lloran\",\"datePublished\":\"2023-01-21T18:22:43+00:00\",\"dateModified\":\"2023-04-18T17:46:40+00:00\",\"mainEntityOfPage\":{\"@id\":\"https:\/\/eco-nnect.com\/es\/cuando-los-glaciares-lloran-2\/\"},\"wordCount\":1975,\"publisher\":{\"@id\":\"https:\/\/eco-nnect.com\/#organization\"},\"keywords\":[\"calor\",\"glaciar\",\"invierno\",\"suiza\"],\"articleSection\":[\"Historias\",\"Lecturas cortas\",\"Noticias sobre clima\"],\"inLanguage\":\"es\"},{\"@type\":\"WebPage\",\"@id\":\"https:\/\/eco-nnect.com\/es\/cuando-los-glaciares-lloran-2\/\",\"url\":\"https:\/\/eco-nnect.com\/es\/cuando-los-glaciares-lloran-2\/\",\"name\":\"Cuando los glaciares lloran\",\"isPartOf\":{\"@id\":\"https:\/\/eco-nnect.com\/#website\"},\"datePublished\":\"2023-01-21T18:22:43+00:00\",\"dateModified\":\"2023-04-18T17:46:40+00:00\",\"description\":\"Cuando los glaciares lloran. Los glaciares de todo el mundo est\u00e1n desapareciendo a un ritmo alarmante, desde Suiza hasta el Himalaya.\",\"breadcrumb\":{\"@id\":\"https:\/\/eco-nnect.com\/es\/cuando-los-glaciares-lloran-2\/#breadcrumb\"},\"inLanguage\":\"es\",\"potentialAction\":[{\"@type\":\"ReadAction\",\"target\":[\"https:\/\/eco-nnect.com\/es\/cuando-los-glaciares-lloran-2\/\"]}]},{\"@type\":\"BreadcrumbList\",\"@id\":\"https:\/\/eco-nnect.com\/es\/cuando-los-glaciares-lloran-2\/#breadcrumb\",\"itemListElement\":[{\"@type\":\"ListItem\",\"position\":1,\"name\":\"Home\",\"item\":\"https:\/\/eco-nnect.com\/es\/\"},{\"@type\":\"ListItem\",\"position\":2,\"name\":\"Cuando los glaciares lloran\"}]},{\"@type\":\"WebSite\",\"@id\":\"https:\/\/eco-nnect.com\/#website\",\"url\":\"https:\/\/eco-nnect.com\/\",\"name\":\"eco-nnect\",\"description\":\"\",\"publisher\":{\"@id\":\"https:\/\/eco-nnect.com\/#organization\"},\"potentialAction\":[{\"@type\":\"SearchAction\",\"target\":{\"@type\":\"EntryPoint\",\"urlTemplate\":\"https:\/\/eco-nnect.com\/?s={search_term_string}\"},\"query-input\":\"required name=search_term_string\"}],\"inLanguage\":\"es\"},{\"@type\":\"Organization\",\"@id\":\"https:\/\/eco-nnect.com\/#organization\",\"name\":\"eco-nnect\",\"url\":\"https:\/\/eco-nnect.com\/\",\"logo\":{\"@type\":\"ImageObject\",\"inLanguage\":\"es\",\"@id\":\"https:\/\/eco-nnect.com\/#\/schema\/logo\/image\/\",\"url\":\"https:\/\/eco-nnect.com\/wp-content\/uploads\/2022\/02\/econnect.png\",\"contentUrl\":\"https:\/\/eco-nnect.com\/wp-content\/uploads\/2022\/02\/econnect.png\",\"width\":800,\"height\":132,\"caption\":\"eco-nnect\"},\"image\":{\"@id\":\"https:\/\/eco-nnect.com\/#\/schema\/logo\/image\/\"}},{\"@type\":\"Person\",\"@id\":\"https:\/\/eco-nnect.com\/#\/schema\/person\/471cb7770f79f80f281c87a2b213805f\",\"name\":\"Isabella Cavalletti\",\"image\":{\"@type\":\"ImageObject\",\"inLanguage\":\"es\",\"@id\":\"https:\/\/eco-nnect.com\/#\/schema\/person\/image\/\",\"url\":\"https:\/\/secure.gravatar.com\/avatar\/ff28285d113c1711f5f42fa61250213a?s=96&d=mm&r=g\",\"contentUrl\":\"https:\/\/secure.gravatar.com\/avatar\/ff28285d113c1711f5f42fa61250213a?s=96&d=mm&r=g\",\"caption\":\"Isabella Cavalletti\"},\"url\":\"https:\/\/eco-nnect.com\/es\/author\/isicavallettigmail-com\/\"}]}<\/script>\n<!-- \/ Yoast SEO plugin. -->","yoast_head_json":{"title":"Cuando los glaciares lloran","description":"Cuando los glaciares lloran. Los glaciares de todo el mundo est\u00e1n desapareciendo a un ritmo alarmante, desde Suiza hasta el Himalaya.","robots":{"index":"index","follow":"follow","max-snippet":"max-snippet:-1","max-image-preview":"max-image-preview:large","max-video-preview":"max-video-preview:-1"},"canonical":"https:\/\/eco-nnect.com\/es\/cuando-los-glaciares-lloran-2\/","og_locale":"es_ES","og_type":"article","og_title":"Cuando los glaciares lloran","og_description":"Cuando los glaciares lloran. Los glaciares de todo el mundo est\u00e1n desapareciendo a un ritmo alarmante, desde Suiza hasta el Himalaya.","og_url":"https:\/\/eco-nnect.com\/es\/cuando-los-glaciares-lloran-2\/","og_site_name":"eco-nnect","article_published_time":"2023-01-21T18:22:43+00:00","article_modified_time":"2023-04-18T17:46:40+00:00","og_image":[{"width":1600,"height":1084,"url":"https:\/\/eco-nnect.com\/wp-content\/uploads\/2023\/01\/ferpecle.jpeg","type":"image\/jpeg"}],"author":"Isabella Cavalletti","twitter_card":"summary_large_image","twitter_misc":{"Escrito por":"Isabella Cavalletti","Tiempo de lectura":"9 minutos"},"schema":{"@context":"https:\/\/schema.org","@graph":[{"@type":"Article","@id":"https:\/\/eco-nnect.com\/es\/cuando-los-glaciares-lloran-2\/#article","isPartOf":{"@id":"https:\/\/eco-nnect.com\/es\/cuando-los-glaciares-lloran-2\/"},"author":{"name":"Isabella Cavalletti","@id":"https:\/\/eco-nnect.com\/#\/schema\/person\/471cb7770f79f80f281c87a2b213805f"},"headline":"Cuando los glaciares lloran","datePublished":"2023-01-21T18:22:43+00:00","dateModified":"2023-04-18T17:46:40+00:00","mainEntityOfPage":{"@id":"https:\/\/eco-nnect.com\/es\/cuando-los-glaciares-lloran-2\/"},"wordCount":1975,"publisher":{"@id":"https:\/\/eco-nnect.com\/#organization"},"keywords":["calor","glaciar","invierno","suiza"],"articleSection":["Historias","Lecturas cortas","Noticias sobre clima"],"inLanguage":"es"},{"@type":"WebPage","@id":"https:\/\/eco-nnect.com\/es\/cuando-los-glaciares-lloran-2\/","url":"https:\/\/eco-nnect.com\/es\/cuando-los-glaciares-lloran-2\/","name":"Cuando los glaciares lloran","isPartOf":{"@id":"https:\/\/eco-nnect.com\/#website"},"datePublished":"2023-01-21T18:22:43+00:00","dateModified":"2023-04-18T17:46:40+00:00","description":"Cuando los glaciares lloran. Los glaciares de todo el mundo est\u00e1n desapareciendo a un ritmo alarmante, desde Suiza hasta el Himalaya.","breadcrumb":{"@id":"https:\/\/eco-nnect.com\/es\/cuando-los-glaciares-lloran-2\/#breadcrumb"},"inLanguage":"es","potentialAction":[{"@type":"ReadAction","target":["https:\/\/eco-nnect.com\/es\/cuando-los-glaciares-lloran-2\/"]}]},{"@type":"BreadcrumbList","@id":"https:\/\/eco-nnect.com\/es\/cuando-los-glaciares-lloran-2\/#breadcrumb","itemListElement":[{"@type":"ListItem","position":1,"name":"Home","item":"https:\/\/eco-nnect.com\/es\/"},{"@type":"ListItem","position":2,"name":"Cuando los glaciares lloran"}]},{"@type":"WebSite","@id":"https:\/\/eco-nnect.com\/#website","url":"https:\/\/eco-nnect.com\/","name":"eco-nnect","description":"","publisher":{"@id":"https:\/\/eco-nnect.com\/#organization"},"potentialAction":[{"@type":"SearchAction","target":{"@type":"EntryPoint","urlTemplate":"https:\/\/eco-nnect.com\/?s={search_term_string}"},"query-input":"required name=search_term_string"}],"inLanguage":"es"},{"@type":"Organization","@id":"https:\/\/eco-nnect.com\/#organization","name":"eco-nnect","url":"https:\/\/eco-nnect.com\/","logo":{"@type":"ImageObject","inLanguage":"es","@id":"https:\/\/eco-nnect.com\/#\/schema\/logo\/image\/","url":"https:\/\/eco-nnect.com\/wp-content\/uploads\/2022\/02\/econnect.png","contentUrl":"https:\/\/eco-nnect.com\/wp-content\/uploads\/2022\/02\/econnect.png","width":800,"height":132,"caption":"eco-nnect"},"image":{"@id":"https:\/\/eco-nnect.com\/#\/schema\/logo\/image\/"}},{"@type":"Person","@id":"https:\/\/eco-nnect.com\/#\/schema\/person\/471cb7770f79f80f281c87a2b213805f","name":"Isabella Cavalletti","image":{"@type":"ImageObject","inLanguage":"es","@id":"https:\/\/eco-nnect.com\/#\/schema\/person\/image\/","url":"https:\/\/secure.gravatar.com\/avatar\/ff28285d113c1711f5f42fa61250213a?s=96&d=mm&r=g","contentUrl":"https:\/\/secure.gravatar.com\/avatar\/ff28285d113c1711f5f42fa61250213a?s=96&d=mm&r=g","caption":"Isabella Cavalletti"},"url":"https:\/\/eco-nnect.com\/es\/author\/isicavallettigmail-com\/"}]}},"_links":{"self":[{"href":"https:\/\/eco-nnect.com\/es\/wp-json\/wp\/v2\/posts\/13570"}],"collection":[{"href":"https:\/\/eco-nnect.com\/es\/wp-json\/wp\/v2\/posts"}],"about":[{"href":"https:\/\/eco-nnect.com\/es\/wp-json\/wp\/v2\/types\/post"}],"author":[{"embeddable":true,"href":"https:\/\/eco-nnect.com\/es\/wp-json\/wp\/v2\/users\/3"}],"replies":[{"embeddable":true,"href":"https:\/\/eco-nnect.com\/es\/wp-json\/wp\/v2\/comments?post=13570"}],"version-history":[{"count":3,"href":"https:\/\/eco-nnect.com\/es\/wp-json\/wp\/v2\/posts\/13570\/revisions"}],"predecessor-version":[{"id":13828,"href":"https:\/\/eco-nnect.com\/es\/wp-json\/wp\/v2\/posts\/13570\/revisions\/13828"}],"wp:featuredmedia":[{"embeddable":true,"href":"https:\/\/eco-nnect.com\/es\/wp-json\/wp\/v2\/media\/12445"}],"wp:attachment":[{"href":"https:\/\/eco-nnect.com\/es\/wp-json\/wp\/v2\/media?parent=13570"}],"wp:term":[{"taxonomy":"category","embeddable":true,"href":"https:\/\/eco-nnect.com\/es\/wp-json\/wp\/v2\/categories?post=13570"},{"taxonomy":"post_tag","embeddable":true,"href":"https:\/\/eco-nnect.com\/es\/wp-json\/wp\/v2\/tags?post=13570"}],"curies":[{"name":"wp","href":"https:\/\/api.w.org\/{rel}","templated":true}]}}