{"id":11282,"date":"2022-08-30T14:06:52","date_gmt":"2022-08-30T14:06:52","guid":{"rendered":"https:\/\/eco-nnect.com\/?p=11282"},"modified":"2022-09-23T13:51:12","modified_gmt":"2022-09-23T13:51:12","slug":"el-maditerraneo-el-mar-mas-contaminado-del-mundo","status":"publish","type":"post","link":"https:\/\/eco-nnect.com\/es\/el-maditerraneo-el-mar-mas-contaminado-del-mundo\/","title":{"rendered":"El Maditerr\u00e1neo: el mar m\u00e1s contaminado del mundo\u00a0"},"content":{"rendered":"<span class=\"rt-reading-time\" style=\"display: block;\"><span class=\"rt-label rt-prefix\">Reading Time: <\/span> <span class=\"rt-time\">3<\/span> <span class=\"rt-label rt-postfix\">min<\/span><\/span><p style=\"text-align: left;\"><span style=\"font-weight: 400;\">Gran parte de la poblaci\u00f3n europea decide pasar sus veranos en las maravillosas costas del mar mediterr\u00e1neo, con sus transparentes y c\u00e1lidas aguas.\u00a0<\/span><span style=\"font-weight: 400;\">Pero:<\/span><\/p>\n<blockquote>\n<p style=\"text-align: center;\"><span style=\"font-size: 17.6px; font-weight: 400; text-align: center;\">\u00a0\u00bfsab\u00edas que se trata del mar m\u00e1s contaminado por pl\u00e1sticos del mundo?.<\/span><\/p>\n<\/blockquote>\n<p style=\"text-align: left;\"><i><span style=\"font-weight: 400;\"><strong>Seg\u00fan WWF, el mar mediterr\u00e1neo representa tan solo el 1% de los mares y oc\u00e9anos del planeta, pero en cambio acumula el 7% de los micropl\u00e1sticos globales.<\/strong> <\/span><\/i><span style=\"font-weight: 400;\">Estos preocupantes datos est\u00e1n teniendo graves consecuencias en el ecosistema marino del mediterr\u00e1neo, ya que supone una grave amenaza para los animales que lo habitan y tambi\u00e9n para nosotros.\u00a0<\/span><\/p>\n<h3 style=\"text-align: left;\"><b>\u00bf A qu\u00e9 se debe tanta contaminaci\u00f3n ?<\/b><\/h3>\n<p><img decoding=\"async\" loading=\"lazy\" class=\"wp-image-11283 alignright\" src=\"https:\/\/eco-nnect.com\/wp-content\/uploads\/2022\/08\/el_mediterraneox_el_mxs_contaminado_del_mundo.jpg_1902800913.jpg-300x225.webp\" alt=\"\" width=\"372\" height=\"279\" srcset=\"https:\/\/eco-nnect.com\/wp-content\/uploads\/2022\/08\/el_mediterraneox_el_mxs_contaminado_del_mundo.jpg_1902800913.jpg-300x225.webp 300w, https:\/\/eco-nnect.com\/wp-content\/uploads\/2022\/08\/el_mediterraneox_el_mxs_contaminado_del_mundo.jpg_1902800913.jpg-600x450.webp 600w, https:\/\/eco-nnect.com\/wp-content\/uploads\/2022\/08\/el_mediterraneox_el_mxs_contaminado_del_mundo.jpg_1902800913.jpg-1024x768.webp 1024w, https:\/\/eco-nnect.com\/wp-content\/uploads\/2022\/08\/el_mediterraneox_el_mxs_contaminado_del_mundo.jpg_1902800913.jpg-768x576.webp 768w, https:\/\/eco-nnect.com\/wp-content\/uploads\/2022\/08\/el_mediterraneox_el_mxs_contaminado_del_mundo.jpg_1902800913.jpg.webp 1200w\" sizes=\"(max-width: 372px) 100vw, 372px\" \/><\/p>\n<p style=\"text-align: left;\"><span style=\"font-weight: 400;\">El mar Mediterr\u00e1neo es uno de los destinos m\u00e1s visitados del mundo, siendo millones las personas que visitan este da\u00f1ado mar. El turismo masivo, sumado al uso excesivo de pl\u00e1sticos, ha dado como resultado el mar m\u00e1s contaminado del mundo. Seg\u00fan estudios, la mayor parte de los pl\u00e1sticos que acaban en el mar provienen de Espa\u00f1a y Turqu\u00eda, sum\u00e1ndose a estos pa\u00edses Italia, Egipto, Francia\u2026\u00a0<\/span><\/p>\n<p style=\"text-align: left;\"><span style=\"font-weight: 400;\">Estos pa\u00edses se encuentran entre los principales destinos tur\u00edsticos, no solo de Europa, sino del mundo, lo cual provoca que la basura que acaba en el mar se incremente en un 40% cada verano. Es decir, cada verano el mediterr\u00e1neo se ve m\u00e1s y m\u00e1s contaminado.\u00a0<\/span><\/p>\n<h3 style=\"text-align: left;\"><b>Consecuencias de la contaminaci\u00f3n:<\/b><\/h3>\n<p style=\"text-align: left;\"><span style=\"font-weight: 400;\">Cuando los niveles de pl\u00e1sticos son tan sumamente altos, en un mar que se encuentra semicerrado al oc\u00e9ano Atl\u00e1ntico, pues su conexi\u00f3n es el estrecho de Gibraltar,\u00a0 las consecuencias son sumamente preocupantes, pues las aguas no se renuevan y los niveles de concentraci\u00f3n de pl\u00e1sticos se elevan.\u00a0<\/span><\/p>\n<p style=\"text-align: left;\"><span style=\"font-weight: 400;\">Los trozos grandes de pl\u00e1sticos producen grandes da\u00f1os a los animales marinos, incluso llegando a provocar la muerte. Pero son las cifras de micropl\u00e1sticos las que nos deber\u00edan alarmar: <\/span><a href=\"https:\/\/www.wwf.es\/informate\/actualidad\/?47062\/Segn-WWF-el-Mediterrneo-est-en-peligro-de-convertirse-en-una-trampa-de-plstico\" class=\"broken_link\"><i><span style=\"font-weight: 400;\">\u201c1,25 millones de fragmentos por kil\u00f3metro en el mar Mediterr\u00e1neo, un nivel casi cuatro veces superior al de la \u201cisla de pl\u00e1stico\u201d, en el Oc\u00e9ano Pac\u00edfico<\/span><\/i><i><span style=\"font-weight: 400;\">\u201d.\u00a0<\/span><\/i><\/a><\/p>\n<p style=\"text-align: left;\"><span style=\"font-weight: 400;\">Cuando estos micropl\u00e1sticos entran dentro de la cadena alimenticia, tanto humanos como animales pueden verse gravemente perjudicados. <\/span><i><span style=\"font-weight: 400;\">\u201cL<\/span><\/i><i><span style=\"font-weight: 400;\">os humanos consumimos m\u00e1s de 100.000 micropart\u00edculas de pl\u00e1stico al a\u00f1o. Eso es casi cinco gramos de pl\u00e1stico por semana, 21 gramos por mes y 250 gramos por a\u00f1o.\u201d <\/span><\/i><span style=\"font-weight: 400;\">Ingerir tal cantidad de pl\u00e1stico es peligroso para nuestra salud, pudiendo provocar c\u00e1ncer y otro tipo de enfermedades.\u00a0<\/span><\/p>\n<h3 style=\"text-align: left;\"><b>Posibles soluciones:\u00a0<\/b><\/h3>\n<p style=\"text-align: left;\"><span style=\"font-weight: 400;\">Aunque el mar m\u00e1s contaminado del mundo sea el mediterr\u00e1neo, esto no significa que el resto de oc\u00e9anos y mares se encuentren libres de contaminaci\u00f3n y pl\u00e1sticos, por lo que no se trata de un problema que deba ser abordado \u00fanicamente por unas cuantas naciones o por un solo continente. Se trata de un problema a nivel internacional, y que debe ser abordado por todos los pa\u00edses y personas posibles.\u00a0<\/span><\/p>\n<p style=\"text-align: left;\"><span style=\"font-weight: 400;\">Como primer paso, la adopci\u00f3n de acuerdo Internacional contra el vertido de pl\u00e1sticos en los oc\u00e9anos, supondr\u00eda un gran avance. Aunque a d\u00eda de hoy no se ha adoptado ning\u00fan acuerdo, ya que tan solo existen iniciativas y ciertos acuerdo pol\u00edticos tales como: el \u201cPacto Verde\u201d o el \u201cPlan de Acci\u00f3n para el Econom\u00eda Circular de 2020\u201d.\u00a0<\/span><\/p>\n<p style=\"text-align: left;\"><span style=\"font-weight: 400;\">\u201c<\/span><i><span style=\"font-weight: 400;\">La UE ha hecho hincapi\u00e9 en la necesidad de un planteamiento circular y basado en el ciclo de vida de los pl\u00e1sticos como punto de partida de un nuevo acuerdo mundial jur\u00eddicamente vinculante\u201d.<\/span><\/i><\/p>\n<p style=\"text-align: left;\"><span style=\"font-weight: 400;\">La Uni\u00f3n Europea y los Estados miembros que la componen, ha sido la m\u00e1s pionera en esta materia. Sin embargo, el mar m\u00e1s contaminado del mundo se encuentra en territorio europeo, por lo que es notorio que, aunque haya intenci\u00f3n no ha habido una acci\u00f3n eficaz y directa. <a href=\"https:\/\/www.boe.es\/buscar\/doc.php?id=DOUE-L-2019-81016\">Directivas como la relativa a la reducci\u00f3n del impacto de determinados productos de pl\u00e1stico en el medio ambiente<\/a>, encaminan a nuestra sociedad hacia un sistema m\u00e1s sostenible y verde.<\/span><\/p>\n<p style=\"text-align: left;\"><span style=\"font-weight: 400;\"><a href=\"https:\/\/eco-nnect.com\/mitigating-climate-change\/\">Mitigating Climate Change: It Starts With Better Ocean Data<\/a><\/span><\/p>\n<p style=\"text-align: left;\">\n","protected":false},"excerpt":{"rendered":"<p><span class=\"rt-reading-time\" style=\"display: block;\"><span class=\"rt-label rt-prefix\">Reading Time: <\/span> <span class=\"rt-time\">3<\/span> <span class=\"rt-label rt-postfix\">min<\/span><\/span> Gran parte de la poblaci\u00f3n europea decide pasar sus veranos en las maravillosas costas del mar mediterr\u00e1neo, con sus transparentes y c\u00e1lidas aguas.\u00a0Pero: \u00a0\u00bfsab\u00edas que se trata del mar m\u00e1s contaminado por pl\u00e1sticos del mundo?. Seg\u00fan WWF, el mar mediterr\u00e1neo representa tan solo el 1% de los mares y oc\u00e9anos del planeta, pero en cambio &hellip;<\/p>\n<p class=\"read-more\"> <a class=\"\" href=\"https:\/\/eco-nnect.com\/es\/el-maditerraneo-el-mar-mas-contaminado-del-mundo\/\"> <span class=\"screen-reader-text\">El Maditerr\u00e1neo: el mar m\u00e1s contaminado del mundo\u00a0<\/span> Leer m\u00e1s &raquo;<\/a><\/p>\n","protected":false},"author":24,"featured_media":11315,"comment_status":"closed","ping_status":"closed","sticky":false,"template":"","format":"standard","meta":{"site-sidebar-layout":"default","site-content-layout":"default","ast-main-header-display":"","ast-hfb-above-header-display":"","ast-hfb-below-header-display":"","ast-hfb-mobile-header-display":"","site-post-title":"","ast-breadcrumbs-content":"","ast-featured-img":"","footer-sml-layout":"","theme-transparent-header-meta":"default","adv-header-id-meta":"","stick-header-meta":"","header-above-stick-meta":"","header-main-stick-meta":"","header-below-stick-meta":""},"categories":[1927,1920],"tags":[],"yoast_head":"<!-- This site is optimized with the Yoast SEO plugin v20.2.1 - https:\/\/yoast.com\/wordpress\/plugins\/seo\/ -->\n<title>El Maditerr\u00e1neo: el mar m\u00e1s contaminado del mundo\u00a0 - eco-nnect<\/title>\n<meta name=\"description\" content=\"El Mediterr\u00e1neo, uno de los lugares m\u00e1s visitados del mundo se ha convertido en el mar m\u00e1s contaminado por pl\u00e1sticos del mundo.\" \/>\n<meta name=\"robots\" content=\"index, follow, max-snippet:-1, max-image-preview:large, max-video-preview:-1\" \/>\n<link rel=\"canonical\" href=\"https:\/\/eco-nnect.com\/es\/el-maditerraneo-el-mar-mas-contaminado-del-mundo\/\" \/>\n<meta property=\"og:locale\" content=\"es_ES\" \/>\n<meta property=\"og:type\" content=\"article\" \/>\n<meta property=\"og:title\" content=\"El Maditerr\u00e1neo: el mar m\u00e1s contaminado del mundo\u00a0 - eco-nnect\" \/>\n<meta property=\"og:description\" content=\"El Mediterr\u00e1neo, uno de los lugares m\u00e1s visitados del mundo se ha convertido en el mar m\u00e1s contaminado por pl\u00e1sticos del mundo.\" \/>\n<meta property=\"og:url\" content=\"https:\/\/eco-nnect.com\/es\/el-maditerraneo-el-mar-mas-contaminado-del-mundo\/\" \/>\n<meta property=\"og:site_name\" content=\"eco-nnect\" \/>\n<meta property=\"article:author\" content=\"https:\/\/www.facebook.com\/lola.cerveralacalle\" \/>\n<meta property=\"article:published_time\" content=\"2022-08-30T14:06:52+00:00\" \/>\n<meta property=\"article:modified_time\" content=\"2022-09-23T13:51:12+00:00\" \/>\n<meta property=\"og:image\" content=\"https:\/\/eco-nnect.com\/wp-content\/uploads\/2022\/08\/IZWIZP723FAIBGIFJU3HYSEHHE.jpg\" \/>\n\t<meta property=\"og:image:width\" content=\"1960\" \/>\n\t<meta property=\"og:image:height\" content=\"1103\" \/>\n\t<meta property=\"og:image:type\" content=\"image\/jpeg\" \/>\n<meta name=\"author\" content=\"Lola\" \/>\n<meta name=\"twitter:card\" content=\"summary_large_image\" \/>\n<meta name=\"twitter:label1\" content=\"Escrito por\" \/>\n\t<meta name=\"twitter:data1\" content=\"Lola\" \/>\n\t<meta name=\"twitter:label2\" content=\"Tiempo de lectura\" \/>\n\t<meta name=\"twitter:data2\" content=\"3 minutos\" \/>\n<script type=\"application\/ld+json\" class=\"yoast-schema-graph\">{\"@context\":\"https:\/\/schema.org\",\"@graph\":[{\"@type\":\"Article\",\"@id\":\"https:\/\/eco-nnect.com\/es\/el-maditerraneo-el-mar-mas-contaminado-del-mundo\/#article\",\"isPartOf\":{\"@id\":\"https:\/\/eco-nnect.com\/es\/el-maditerraneo-el-mar-mas-contaminado-del-mundo\/\"},\"author\":{\"name\":\"Lola\",\"@id\":\"https:\/\/eco-nnect.com\/#\/schema\/person\/ef405cfba8df74010397bf83b8a97967\"},\"headline\":\"El Maditerr\u00e1neo: el mar m\u00e1s contaminado del mundo\u00a0\",\"datePublished\":\"2022-08-30T14:06:52+00:00\",\"dateModified\":\"2022-09-23T13:51:12+00:00\",\"mainEntityOfPage\":{\"@id\":\"https:\/\/eco-nnect.com\/es\/el-maditerraneo-el-mar-mas-contaminado-del-mundo\/\"},\"wordCount\":710,\"publisher\":{\"@id\":\"https:\/\/eco-nnect.com\/#organization\"},\"articleSection\":[\"Biodiversidad\",\"Sin categorizar\"],\"inLanguage\":\"es\"},{\"@type\":\"WebPage\",\"@id\":\"https:\/\/eco-nnect.com\/es\/el-maditerraneo-el-mar-mas-contaminado-del-mundo\/\",\"url\":\"https:\/\/eco-nnect.com\/es\/el-maditerraneo-el-mar-mas-contaminado-del-mundo\/\",\"name\":\"El Maditerr\u00e1neo: el mar m\u00e1s contaminado del mundo\u00a0 - eco-nnect\",\"isPartOf\":{\"@id\":\"https:\/\/eco-nnect.com\/#website\"},\"datePublished\":\"2022-08-30T14:06:52+00:00\",\"dateModified\":\"2022-09-23T13:51:12+00:00\",\"description\":\"El Mediterr\u00e1neo, uno de los lugares m\u00e1s visitados del mundo se ha convertido en el mar m\u00e1s contaminado por pl\u00e1sticos del mundo.\",\"breadcrumb\":{\"@id\":\"https:\/\/eco-nnect.com\/es\/el-maditerraneo-el-mar-mas-contaminado-del-mundo\/#breadcrumb\"},\"inLanguage\":\"es\",\"potentialAction\":[{\"@type\":\"ReadAction\",\"target\":[\"https:\/\/eco-nnect.com\/es\/el-maditerraneo-el-mar-mas-contaminado-del-mundo\/\"]}]},{\"@type\":\"BreadcrumbList\",\"@id\":\"https:\/\/eco-nnect.com\/es\/el-maditerraneo-el-mar-mas-contaminado-del-mundo\/#breadcrumb\",\"itemListElement\":[{\"@type\":\"ListItem\",\"position\":1,\"name\":\"Home\",\"item\":\"https:\/\/eco-nnect.com\/es\/\"},{\"@type\":\"ListItem\",\"position\":2,\"name\":\"El Maditerr\u00e1neo: el mar m\u00e1s contaminado del mundo\u00a0\"}]},{\"@type\":\"WebSite\",\"@id\":\"https:\/\/eco-nnect.com\/#website\",\"url\":\"https:\/\/eco-nnect.com\/\",\"name\":\"eco-nnect\",\"description\":\"\",\"publisher\":{\"@id\":\"https:\/\/eco-nnect.com\/#organization\"},\"potentialAction\":[{\"@type\":\"SearchAction\",\"target\":{\"@type\":\"EntryPoint\",\"urlTemplate\":\"https:\/\/eco-nnect.com\/?s={search_term_string}\"},\"query-input\":\"required name=search_term_string\"}],\"inLanguage\":\"es\"},{\"@type\":\"Organization\",\"@id\":\"https:\/\/eco-nnect.com\/#organization\",\"name\":\"eco-nnect\",\"url\":\"https:\/\/eco-nnect.com\/\",\"logo\":{\"@type\":\"ImageObject\",\"inLanguage\":\"es\",\"@id\":\"https:\/\/eco-nnect.com\/#\/schema\/logo\/image\/\",\"url\":\"https:\/\/eco-nnect.com\/wp-content\/uploads\/2022\/02\/econnect.png\",\"contentUrl\":\"https:\/\/eco-nnect.com\/wp-content\/uploads\/2022\/02\/econnect.png\",\"width\":800,\"height\":132,\"caption\":\"eco-nnect\"},\"image\":{\"@id\":\"https:\/\/eco-nnect.com\/#\/schema\/logo\/image\/\"}},{\"@type\":\"Person\",\"@id\":\"https:\/\/eco-nnect.com\/#\/schema\/person\/ef405cfba8df74010397bf83b8a97967\",\"name\":\"Lola\",\"image\":{\"@type\":\"ImageObject\",\"inLanguage\":\"es\",\"@id\":\"https:\/\/eco-nnect.com\/#\/schema\/person\/image\/\",\"url\":\"https:\/\/secure.gravatar.com\/avatar\/6f8a20610cb80f7749898ddb0fbf6a87?s=96&d=mm&r=g\",\"contentUrl\":\"https:\/\/secure.gravatar.com\/avatar\/6f8a20610cb80f7749898ddb0fbf6a87?s=96&d=mm&r=g\",\"caption\":\"Lola\"},\"description\":\"Me llamo Lola y tengo 22 a\u00f1os. A parte de escribir art\u00edculos para esta revista, soy estudiante de Derecho. Escribir ha sido siempre una de mis grandes aficiones, junto con la lectura, pues creo que de alguna manera te sumerges en un mundo que de otro modo no puedes alcanzar.\",\"sameAs\":[\"https:\/\/www.facebook.com\/lola.cerveralacalle\",\"https:\/\/www.linkedin.com\/in\/lola-la-calle-cervera-973ab120b\"],\"url\":\"https:\/\/eco-nnect.com\/es\/author\/lola\/\"}]}<\/script>\n<!-- \/ Yoast SEO plugin. -->","yoast_head_json":{"title":"El Maditerr\u00e1neo: el mar m\u00e1s contaminado del mundo\u00a0 - eco-nnect","description":"El Mediterr\u00e1neo, uno de los lugares m\u00e1s visitados del mundo se ha convertido en el mar m\u00e1s contaminado por pl\u00e1sticos del mundo.","robots":{"index":"index","follow":"follow","max-snippet":"max-snippet:-1","max-image-preview":"max-image-preview:large","max-video-preview":"max-video-preview:-1"},"canonical":"https:\/\/eco-nnect.com\/es\/el-maditerraneo-el-mar-mas-contaminado-del-mundo\/","og_locale":"es_ES","og_type":"article","og_title":"El Maditerr\u00e1neo: el mar m\u00e1s contaminado del mundo\u00a0 - eco-nnect","og_description":"El Mediterr\u00e1neo, uno de los lugares m\u00e1s visitados del mundo se ha convertido en el mar m\u00e1s contaminado por pl\u00e1sticos del mundo.","og_url":"https:\/\/eco-nnect.com\/es\/el-maditerraneo-el-mar-mas-contaminado-del-mundo\/","og_site_name":"eco-nnect","article_author":"https:\/\/www.facebook.com\/lola.cerveralacalle","article_published_time":"2022-08-30T14:06:52+00:00","article_modified_time":"2022-09-23T13:51:12+00:00","og_image":[{"width":1960,"height":1103,"url":"https:\/\/eco-nnect.com\/wp-content\/uploads\/2022\/08\/IZWIZP723FAIBGIFJU3HYSEHHE.jpg","type":"image\/jpeg"}],"author":"Lola","twitter_card":"summary_large_image","twitter_misc":{"Escrito por":"Lola","Tiempo de lectura":"3 minutos"},"schema":{"@context":"https:\/\/schema.org","@graph":[{"@type":"Article","@id":"https:\/\/eco-nnect.com\/es\/el-maditerraneo-el-mar-mas-contaminado-del-mundo\/#article","isPartOf":{"@id":"https:\/\/eco-nnect.com\/es\/el-maditerraneo-el-mar-mas-contaminado-del-mundo\/"},"author":{"name":"Lola","@id":"https:\/\/eco-nnect.com\/#\/schema\/person\/ef405cfba8df74010397bf83b8a97967"},"headline":"El Maditerr\u00e1neo: el mar m\u00e1s contaminado del mundo\u00a0","datePublished":"2022-08-30T14:06:52+00:00","dateModified":"2022-09-23T13:51:12+00:00","mainEntityOfPage":{"@id":"https:\/\/eco-nnect.com\/es\/el-maditerraneo-el-mar-mas-contaminado-del-mundo\/"},"wordCount":710,"publisher":{"@id":"https:\/\/eco-nnect.com\/#organization"},"articleSection":["Biodiversidad","Sin categorizar"],"inLanguage":"es"},{"@type":"WebPage","@id":"https:\/\/eco-nnect.com\/es\/el-maditerraneo-el-mar-mas-contaminado-del-mundo\/","url":"https:\/\/eco-nnect.com\/es\/el-maditerraneo-el-mar-mas-contaminado-del-mundo\/","name":"El Maditerr\u00e1neo: el mar m\u00e1s contaminado del mundo\u00a0 - eco-nnect","isPartOf":{"@id":"https:\/\/eco-nnect.com\/#website"},"datePublished":"2022-08-30T14:06:52+00:00","dateModified":"2022-09-23T13:51:12+00:00","description":"El Mediterr\u00e1neo, uno de los lugares m\u00e1s visitados del mundo se ha convertido en el mar m\u00e1s contaminado por pl\u00e1sticos del mundo.","breadcrumb":{"@id":"https:\/\/eco-nnect.com\/es\/el-maditerraneo-el-mar-mas-contaminado-del-mundo\/#breadcrumb"},"inLanguage":"es","potentialAction":[{"@type":"ReadAction","target":["https:\/\/eco-nnect.com\/es\/el-maditerraneo-el-mar-mas-contaminado-del-mundo\/"]}]},{"@type":"BreadcrumbList","@id":"https:\/\/eco-nnect.com\/es\/el-maditerraneo-el-mar-mas-contaminado-del-mundo\/#breadcrumb","itemListElement":[{"@type":"ListItem","position":1,"name":"Home","item":"https:\/\/eco-nnect.com\/es\/"},{"@type":"ListItem","position":2,"name":"El Maditerr\u00e1neo: el mar m\u00e1s contaminado del mundo\u00a0"}]},{"@type":"WebSite","@id":"https:\/\/eco-nnect.com\/#website","url":"https:\/\/eco-nnect.com\/","name":"eco-nnect","description":"","publisher":{"@id":"https:\/\/eco-nnect.com\/#organization"},"potentialAction":[{"@type":"SearchAction","target":{"@type":"EntryPoint","urlTemplate":"https:\/\/eco-nnect.com\/?s={search_term_string}"},"query-input":"required name=search_term_string"}],"inLanguage":"es"},{"@type":"Organization","@id":"https:\/\/eco-nnect.com\/#organization","name":"eco-nnect","url":"https:\/\/eco-nnect.com\/","logo":{"@type":"ImageObject","inLanguage":"es","@id":"https:\/\/eco-nnect.com\/#\/schema\/logo\/image\/","url":"https:\/\/eco-nnect.com\/wp-content\/uploads\/2022\/02\/econnect.png","contentUrl":"https:\/\/eco-nnect.com\/wp-content\/uploads\/2022\/02\/econnect.png","width":800,"height":132,"caption":"eco-nnect"},"image":{"@id":"https:\/\/eco-nnect.com\/#\/schema\/logo\/image\/"}},{"@type":"Person","@id":"https:\/\/eco-nnect.com\/#\/schema\/person\/ef405cfba8df74010397bf83b8a97967","name":"Lola","image":{"@type":"ImageObject","inLanguage":"es","@id":"https:\/\/eco-nnect.com\/#\/schema\/person\/image\/","url":"https:\/\/secure.gravatar.com\/avatar\/6f8a20610cb80f7749898ddb0fbf6a87?s=96&d=mm&r=g","contentUrl":"https:\/\/secure.gravatar.com\/avatar\/6f8a20610cb80f7749898ddb0fbf6a87?s=96&d=mm&r=g","caption":"Lola"},"description":"Me llamo Lola y tengo 22 a\u00f1os. A parte de escribir art\u00edculos para esta revista, soy estudiante de Derecho. Escribir ha sido siempre una de mis grandes aficiones, junto con la lectura, pues creo que de alguna manera te sumerges en un mundo que de otro modo no puedes alcanzar.","sameAs":["https:\/\/www.facebook.com\/lola.cerveralacalle","https:\/\/www.linkedin.com\/in\/lola-la-calle-cervera-973ab120b"],"url":"https:\/\/eco-nnect.com\/es\/author\/lola\/"}]}},"_links":{"self":[{"href":"https:\/\/eco-nnect.com\/es\/wp-json\/wp\/v2\/posts\/11282"}],"collection":[{"href":"https:\/\/eco-nnect.com\/es\/wp-json\/wp\/v2\/posts"}],"about":[{"href":"https:\/\/eco-nnect.com\/es\/wp-json\/wp\/v2\/types\/post"}],"author":[{"embeddable":true,"href":"https:\/\/eco-nnect.com\/es\/wp-json\/wp\/v2\/users\/24"}],"replies":[{"embeddable":true,"href":"https:\/\/eco-nnect.com\/es\/wp-json\/wp\/v2\/comments?post=11282"}],"version-history":[{"count":28,"href":"https:\/\/eco-nnect.com\/es\/wp-json\/wp\/v2\/posts\/11282\/revisions"}],"predecessor-version":[{"id":11608,"href":"https:\/\/eco-nnect.com\/es\/wp-json\/wp\/v2\/posts\/11282\/revisions\/11608"}],"wp:featuredmedia":[{"embeddable":true,"href":"https:\/\/eco-nnect.com\/es\/wp-json\/wp\/v2\/media\/11315"}],"wp:attachment":[{"href":"https:\/\/eco-nnect.com\/es\/wp-json\/wp\/v2\/media?parent=11282"}],"wp:term":[{"taxonomy":"category","embeddable":true,"href":"https:\/\/eco-nnect.com\/es\/wp-json\/wp\/v2\/categories?post=11282"},{"taxonomy":"post_tag","embeddable":true,"href":"https:\/\/eco-nnect.com\/es\/wp-json\/wp\/v2\/tags?post=11282"}],"curies":[{"name":"wp","href":"https:\/\/api.w.org\/{rel}","templated":true}]}}