{"id":10406,"date":"2022-07-14T14:58:17","date_gmt":"2022-07-14T14:58:17","guid":{"rendered":"https:\/\/eco-nnect.com\/?p=10406"},"modified":"2022-07-15T10:54:18","modified_gmt":"2022-07-15T10:54:18","slug":"cuatro-razones-por-las-que-comer-alimentos-de-temporada","status":"publish","type":"post","link":"https:\/\/eco-nnect.com\/es\/cuatro-razones-por-las-que-comer-alimentos-de-temporada\/","title":{"rendered":"Cuatro razones por las que comer alimentos de temporada"},"content":{"rendered":"<span class=\"rt-reading-time\" style=\"display: block;\"><span class=\"rt-label rt-prefix\">Reading Time: <\/span> <span class=\"rt-time\">2<\/span> <span class=\"rt-label rt-postfix\">min<\/span><\/span><p><a href=\"https:\/\/eco-nnect.com\/es\/2021-8-26-alimentos-de-temporada-nuevas-recetas-para-septiembre\/\">Alimentos de temporada, nuevas recetas para Septiembre<\/a><\/p>\n<h1>Los alimentos de temporada, beneficios y razones por las que consumirlos.<\/h1>\n<p>&nbsp;<\/p>\n<h4><\/h4>\n<h3><span style=\"font-weight: 400;\">A todo el mundo, o a casi todo el mundo, le gusta comer y disfruta con ello, encontramos pocas limitaciones, pues existen todo tipo ofertas, desde comida oriental, hasta griega y americana. Sin embargo, muchas veces no nos damos cuenta del coste qu\u00e9 supone para el planeta que tengamos acceso a todo tipo de productos durante todo el a\u00f1o. <\/span><span style=\"font-weight: 400;\">Aqu\u00ed te contamos por qu\u00e9 es importante que consumas alimentos de temporada.<\/span><\/h3>\n<p>&nbsp;<\/p>\n<p>&nbsp;<\/p>\n<p><img decoding=\"async\" loading=\"lazy\" class=\" wp-image-10407 alignright\" src=\"https:\/\/eco-nnect.com\/wp-content\/uploads\/2022\/07\/frutas_verduras_temporada-1-1024x727-1-300x213.jpg\" alt=\"\" width=\"502\" height=\"356\" srcset=\"https:\/\/eco-nnect.com\/wp-content\/uploads\/2022\/07\/frutas_verduras_temporada-1-1024x727-1-300x213.jpg 300w, https:\/\/eco-nnect.com\/wp-content\/uploads\/2022\/07\/frutas_verduras_temporada-1-1024x727-1-600x426.jpg 600w, https:\/\/eco-nnect.com\/wp-content\/uploads\/2022\/07\/frutas_verduras_temporada-1-1024x727-1-768x545.jpg 768w, https:\/\/eco-nnect.com\/wp-content\/uploads\/2022\/07\/frutas_verduras_temporada-1-1024x727-1.jpg 1024w\" sizes=\"(max-width: 502px) 100vw, 502px\" \/><\/p>\n<ol>\n<li><span style=\"font-weight: 400;\">\u00bfEres otro gran fan del caf\u00e9? En particular este producto,\u00a0<\/span><span style=\"font-weight: 400;\">que todo el mundo consume a diario varias veces, deja una gran huella de carbono, no obstante poca gente est\u00e1 dispuesta a renunciar al estimulante que les despierta todas las ma\u00f1anas. Una sola taza de caf\u00e9 t<\/span><span style=\"font-weight: 400;\">iene una huella de carbono promedio de 0,28 kg. En el caso de aquellos que incluyen leche, como el <\/span><i><span style=\"font-weight: 400;\">latte<\/span><\/i><span style=\"font-weight: 400;\"> o el <\/span><i><span style=\"font-weight: 400;\">cappuccino<\/span><\/i><span style=\"font-weight: 400;\">, es de entre 0,41 kg y 0,55 kg.\u00a0<\/span><\/li>\n<li><span style=\"font-weight: 400;\">Es cierto que cuando hacemos la compra encontramos todo tipo de frutas, verduras y hortalizas, sin excepci\u00f3n. Eso se debe al cultivo masivo, empleando invernaderos y tecnolog\u00eda que nos permite comer de todo, durante todo el a\u00f1o. Sin embargo, este tipo de h\u00e1bitos o privilegios, no son sanos para nosotros ni para el planeta.\u00a0<\/span><\/li>\n<li><span style=\"font-weight: 400;\">En cuanto a nuestra salud, si ingerimos alimentos que no son de temporada obtendremos un menor valor nutritivo. Adem\u00e1s, seguramente el sabor de cada alimento sea mucho menor o incluso no sepa a casi nada.\u00a0<\/span><\/li>\n<li><span style=\"font-weight: 400;\">En cuanto a nuestra tierra, el cultivo a trav\u00e9s de invernaderos, como por ejemplo, el famoso mar de pl\u00e1stico de Almer\u00eda ( Espa\u00f1a ), genera toneladas de pl\u00e1stico, adem\u00e1s de <\/span><span style=\"font-weight: 400;\">provocar serios problemas de salud debido a la combusti\u00f3n de los pl\u00e1sticos, y la utilizaci\u00f3n de plaguicidas no controlados o prohibidos<\/span><span style=\"font-weight: 400;\">. Espec\u00edficamente, los invernaderos de Almer\u00eda, no solamente contaminan el medio ambiente, sino que son trabajados por mano de obra explotada. Aprovech\u00e1ndose del enorme flujo de inmigraci\u00f3n ilegal que llega a las costas de esta provincia de Andaluc\u00eda. Personas que trabajan bajo condiciones p\u00e9simas, que a su vez abastecen de fruta y verdura de gran parte de Europa.\u00a0<\/span><\/li>\n<\/ol>\n<h5><\/h5>\n<h4><span style=\"font-weight: 400;\">En conclusi\u00f3n, si tuvi\u00e9ramos todos estos factores en cuenta, cambiar\u00edamos nuestra forma de comprar. Cuando<\/span><span style=\"font-weight: 400;\">\u00a0sea invierno deber\u00edamos intentar cocinar con productos de dicha temporada, como las zanahorias, las acelgas, la coliflor\u2026 de esta manera conseguiremos una mayor cantidad de vitaminas y un mejor sabor en nuestras comidas. Y cuando sea verano, disfrutar de los tomates, sand\u00edas y melocotones. Aqu\u00ed os dejo un link con un listado de alimentos seg\u00fan su temporada: <\/span><a href=\"https:\/\/www.recetasderechupete.com\/calendario-de-temporada\/\">https:\/\/www.recetasderechupete.com\/calendario-de-temporada\/<\/a><\/h4>\n","protected":false},"excerpt":{"rendered":"<p><span class=\"rt-reading-time\" style=\"display: block;\"><span class=\"rt-label rt-prefix\">Reading Time: <\/span> <span class=\"rt-time\">2<\/span> <span class=\"rt-label rt-postfix\">min<\/span><\/span> Alimentos de temporada, nuevas recetas para Septiembre Los alimentos de temporada, beneficios y razones por las que consumirlos. &nbsp; A todo el mundo, o a casi todo el mundo, le gusta comer y disfruta con ello, encontramos pocas limitaciones, pues existen todo tipo ofertas, desde comida oriental, hasta griega y americana. Sin embargo, muchas veces &hellip;<\/p>\n<p class=\"read-more\"> <a class=\"\" href=\"https:\/\/eco-nnect.com\/es\/cuatro-razones-por-las-que-comer-alimentos-de-temporada\/\"> <span class=\"screen-reader-text\">Cuatro razones por las que comer alimentos de temporada<\/span> Leer m\u00e1s &raquo;<\/a><\/p>\n","protected":false},"author":24,"featured_media":0,"comment_status":"closed","ping_status":"closed","sticky":false,"template":"","format":"standard","meta":{"site-sidebar-layout":"default","site-content-layout":"default","ast-main-header-display":"","ast-hfb-above-header-display":"","ast-hfb-below-header-display":"","ast-hfb-mobile-header-display":"","site-post-title":"","ast-breadcrumbs-content":"","ast-featured-img":"","footer-sml-layout":"","theme-transparent-header-meta":"default","adv-header-id-meta":"","stick-header-meta":"","header-above-stick-meta":"","header-main-stick-meta":"","header-below-stick-meta":""},"categories":[1930],"tags":[],"yoast_head":"<!-- This site is optimized with the Yoast SEO plugin v20.2.1 - https:\/\/yoast.com\/wordpress\/plugins\/seo\/ -->\n<title>Cuatro razones por las que comer alimentos de temporada - eco-nnect<\/title>\n<meta name=\"description\" content=\"Nuestra compra en el supermercado puede llegar a dejar una gran huella de carbono seg\u00fan los productos que elijamos. Alimentos de temporada...\" \/>\n<meta name=\"robots\" content=\"index, follow, max-snippet:-1, max-image-preview:large, max-video-preview:-1\" \/>\n<link rel=\"canonical\" href=\"https:\/\/eco-nnect.com\/es\/cuatro-razones-por-las-que-comer-alimentos-de-temporada\/\" \/>\n<meta property=\"og:locale\" content=\"es_ES\" \/>\n<meta property=\"og:type\" content=\"article\" \/>\n<meta property=\"og:title\" content=\"Cuatro razones por las que comer alimentos de temporada - eco-nnect\" \/>\n<meta property=\"og:description\" content=\"Nuestra compra en el supermercado puede llegar a dejar una gran huella de carbono seg\u00fan los productos que elijamos. Alimentos de temporada...\" \/>\n<meta property=\"og:url\" content=\"https:\/\/eco-nnect.com\/es\/cuatro-razones-por-las-que-comer-alimentos-de-temporada\/\" \/>\n<meta property=\"og:site_name\" content=\"eco-nnect\" \/>\n<meta property=\"article:author\" content=\"https:\/\/www.facebook.com\/lola.cerveralacalle\" \/>\n<meta property=\"article:published_time\" content=\"2022-07-14T14:58:17+00:00\" \/>\n<meta property=\"article:modified_time\" content=\"2022-07-15T10:54:18+00:00\" \/>\n<meta property=\"og:image\" content=\"https:\/\/eco-nnect.com\/wp-content\/uploads\/2022\/07\/frutas_verduras_temporada-1-1024x727-1-300x213.jpg\" \/>\n<meta name=\"author\" content=\"Lola\" \/>\n<meta name=\"twitter:card\" content=\"summary_large_image\" \/>\n<meta name=\"twitter:label1\" content=\"Escrito por\" \/>\n\t<meta name=\"twitter:data1\" content=\"Lola\" \/>\n\t<meta name=\"twitter:label2\" content=\"Tiempo de lectura\" \/>\n\t<meta name=\"twitter:data2\" content=\"3 minutos\" \/>\n<script type=\"application\/ld+json\" class=\"yoast-schema-graph\">{\"@context\":\"https:\/\/schema.org\",\"@graph\":[{\"@type\":\"Article\",\"@id\":\"https:\/\/eco-nnect.com\/es\/cuatro-razones-por-las-que-comer-alimentos-de-temporada\/#article\",\"isPartOf\":{\"@id\":\"https:\/\/eco-nnect.com\/es\/cuatro-razones-por-las-que-comer-alimentos-de-temporada\/\"},\"author\":{\"name\":\"Lola\",\"@id\":\"https:\/\/eco-nnect.com\/#\/schema\/person\/ef405cfba8df74010397bf83b8a97967\"},\"headline\":\"Cuatro razones por las que comer alimentos de temporada\",\"datePublished\":\"2022-07-14T14:58:17+00:00\",\"dateModified\":\"2022-07-15T10:54:18+00:00\",\"mainEntityOfPage\":{\"@id\":\"https:\/\/eco-nnect.com\/es\/cuatro-razones-por-las-que-comer-alimentos-de-temporada\/\"},\"wordCount\":476,\"publisher\":{\"@id\":\"https:\/\/eco-nnect.com\/#organization\"},\"articleSection\":[\"Comida\"],\"inLanguage\":\"es\"},{\"@type\":\"WebPage\",\"@id\":\"https:\/\/eco-nnect.com\/es\/cuatro-razones-por-las-que-comer-alimentos-de-temporada\/\",\"url\":\"https:\/\/eco-nnect.com\/es\/cuatro-razones-por-las-que-comer-alimentos-de-temporada\/\",\"name\":\"Cuatro razones por las que comer alimentos de temporada - eco-nnect\",\"isPartOf\":{\"@id\":\"https:\/\/eco-nnect.com\/#website\"},\"datePublished\":\"2022-07-14T14:58:17+00:00\",\"dateModified\":\"2022-07-15T10:54:18+00:00\",\"description\":\"Nuestra compra en el supermercado puede llegar a dejar una gran huella de carbono seg\u00fan los productos que elijamos. Alimentos de temporada...\",\"breadcrumb\":{\"@id\":\"https:\/\/eco-nnect.com\/es\/cuatro-razones-por-las-que-comer-alimentos-de-temporada\/#breadcrumb\"},\"inLanguage\":\"es\",\"potentialAction\":[{\"@type\":\"ReadAction\",\"target\":[\"https:\/\/eco-nnect.com\/es\/cuatro-razones-por-las-que-comer-alimentos-de-temporada\/\"]}]},{\"@type\":\"BreadcrumbList\",\"@id\":\"https:\/\/eco-nnect.com\/es\/cuatro-razones-por-las-que-comer-alimentos-de-temporada\/#breadcrumb\",\"itemListElement\":[{\"@type\":\"ListItem\",\"position\":1,\"name\":\"Home\",\"item\":\"https:\/\/eco-nnect.com\/es\/\"},{\"@type\":\"ListItem\",\"position\":2,\"name\":\"Cuatro razones por las que comer alimentos de temporada\"}]},{\"@type\":\"WebSite\",\"@id\":\"https:\/\/eco-nnect.com\/#website\",\"url\":\"https:\/\/eco-nnect.com\/\",\"name\":\"eco-nnect\",\"description\":\"\",\"publisher\":{\"@id\":\"https:\/\/eco-nnect.com\/#organization\"},\"potentialAction\":[{\"@type\":\"SearchAction\",\"target\":{\"@type\":\"EntryPoint\",\"urlTemplate\":\"https:\/\/eco-nnect.com\/?s={search_term_string}\"},\"query-input\":\"required name=search_term_string\"}],\"inLanguage\":\"es\"},{\"@type\":\"Organization\",\"@id\":\"https:\/\/eco-nnect.com\/#organization\",\"name\":\"eco-nnect\",\"url\":\"https:\/\/eco-nnect.com\/\",\"logo\":{\"@type\":\"ImageObject\",\"inLanguage\":\"es\",\"@id\":\"https:\/\/eco-nnect.com\/#\/schema\/logo\/image\/\",\"url\":\"https:\/\/eco-nnect.com\/wp-content\/uploads\/2022\/02\/econnect.png\",\"contentUrl\":\"https:\/\/eco-nnect.com\/wp-content\/uploads\/2022\/02\/econnect.png\",\"width\":800,\"height\":132,\"caption\":\"eco-nnect\"},\"image\":{\"@id\":\"https:\/\/eco-nnect.com\/#\/schema\/logo\/image\/\"}},{\"@type\":\"Person\",\"@id\":\"https:\/\/eco-nnect.com\/#\/schema\/person\/ef405cfba8df74010397bf83b8a97967\",\"name\":\"Lola\",\"image\":{\"@type\":\"ImageObject\",\"inLanguage\":\"es\",\"@id\":\"https:\/\/eco-nnect.com\/#\/schema\/person\/image\/\",\"url\":\"https:\/\/secure.gravatar.com\/avatar\/6f8a20610cb80f7749898ddb0fbf6a87?s=96&d=mm&r=g\",\"contentUrl\":\"https:\/\/secure.gravatar.com\/avatar\/6f8a20610cb80f7749898ddb0fbf6a87?s=96&d=mm&r=g\",\"caption\":\"Lola\"},\"description\":\"Me llamo Lola y tengo 22 a\u00f1os. A parte de escribir art\u00edculos para esta revista, soy estudiante de Derecho. Escribir ha sido siempre una de mis grandes aficiones, junto con la lectura, pues creo que de alguna manera te sumerges en un mundo que de otro modo no puedes alcanzar.\",\"sameAs\":[\"https:\/\/www.facebook.com\/lola.cerveralacalle\",\"https:\/\/www.linkedin.com\/in\/lola-la-calle-cervera-973ab120b\"],\"url\":\"https:\/\/eco-nnect.com\/es\/author\/lola\/\"}]}<\/script>\n<!-- \/ Yoast SEO plugin. -->","yoast_head_json":{"title":"Cuatro razones por las que comer alimentos de temporada - eco-nnect","description":"Nuestra compra en el supermercado puede llegar a dejar una gran huella de carbono seg\u00fan los productos que elijamos. Alimentos de temporada...","robots":{"index":"index","follow":"follow","max-snippet":"max-snippet:-1","max-image-preview":"max-image-preview:large","max-video-preview":"max-video-preview:-1"},"canonical":"https:\/\/eco-nnect.com\/es\/cuatro-razones-por-las-que-comer-alimentos-de-temporada\/","og_locale":"es_ES","og_type":"article","og_title":"Cuatro razones por las que comer alimentos de temporada - eco-nnect","og_description":"Nuestra compra en el supermercado puede llegar a dejar una gran huella de carbono seg\u00fan los productos que elijamos. Alimentos de temporada...","og_url":"https:\/\/eco-nnect.com\/es\/cuatro-razones-por-las-que-comer-alimentos-de-temporada\/","og_site_name":"eco-nnect","article_author":"https:\/\/www.facebook.com\/lola.cerveralacalle","article_published_time":"2022-07-14T14:58:17+00:00","article_modified_time":"2022-07-15T10:54:18+00:00","og_image":[{"url":"https:\/\/eco-nnect.com\/wp-content\/uploads\/2022\/07\/frutas_verduras_temporada-1-1024x727-1-300x213.jpg"}],"author":"Lola","twitter_card":"summary_large_image","twitter_misc":{"Escrito por":"Lola","Tiempo de lectura":"3 minutos"},"schema":{"@context":"https:\/\/schema.org","@graph":[{"@type":"Article","@id":"https:\/\/eco-nnect.com\/es\/cuatro-razones-por-las-que-comer-alimentos-de-temporada\/#article","isPartOf":{"@id":"https:\/\/eco-nnect.com\/es\/cuatro-razones-por-las-que-comer-alimentos-de-temporada\/"},"author":{"name":"Lola","@id":"https:\/\/eco-nnect.com\/#\/schema\/person\/ef405cfba8df74010397bf83b8a97967"},"headline":"Cuatro razones por las que comer alimentos de temporada","datePublished":"2022-07-14T14:58:17+00:00","dateModified":"2022-07-15T10:54:18+00:00","mainEntityOfPage":{"@id":"https:\/\/eco-nnect.com\/es\/cuatro-razones-por-las-que-comer-alimentos-de-temporada\/"},"wordCount":476,"publisher":{"@id":"https:\/\/eco-nnect.com\/#organization"},"articleSection":["Comida"],"inLanguage":"es"},{"@type":"WebPage","@id":"https:\/\/eco-nnect.com\/es\/cuatro-razones-por-las-que-comer-alimentos-de-temporada\/","url":"https:\/\/eco-nnect.com\/es\/cuatro-razones-por-las-que-comer-alimentos-de-temporada\/","name":"Cuatro razones por las que comer alimentos de temporada - eco-nnect","isPartOf":{"@id":"https:\/\/eco-nnect.com\/#website"},"datePublished":"2022-07-14T14:58:17+00:00","dateModified":"2022-07-15T10:54:18+00:00","description":"Nuestra compra en el supermercado puede llegar a dejar una gran huella de carbono seg\u00fan los productos que elijamos. Alimentos de temporada...","breadcrumb":{"@id":"https:\/\/eco-nnect.com\/es\/cuatro-razones-por-las-que-comer-alimentos-de-temporada\/#breadcrumb"},"inLanguage":"es","potentialAction":[{"@type":"ReadAction","target":["https:\/\/eco-nnect.com\/es\/cuatro-razones-por-las-que-comer-alimentos-de-temporada\/"]}]},{"@type":"BreadcrumbList","@id":"https:\/\/eco-nnect.com\/es\/cuatro-razones-por-las-que-comer-alimentos-de-temporada\/#breadcrumb","itemListElement":[{"@type":"ListItem","position":1,"name":"Home","item":"https:\/\/eco-nnect.com\/es\/"},{"@type":"ListItem","position":2,"name":"Cuatro razones por las que comer alimentos de temporada"}]},{"@type":"WebSite","@id":"https:\/\/eco-nnect.com\/#website","url":"https:\/\/eco-nnect.com\/","name":"eco-nnect","description":"","publisher":{"@id":"https:\/\/eco-nnect.com\/#organization"},"potentialAction":[{"@type":"SearchAction","target":{"@type":"EntryPoint","urlTemplate":"https:\/\/eco-nnect.com\/?s={search_term_string}"},"query-input":"required name=search_term_string"}],"inLanguage":"es"},{"@type":"Organization","@id":"https:\/\/eco-nnect.com\/#organization","name":"eco-nnect","url":"https:\/\/eco-nnect.com\/","logo":{"@type":"ImageObject","inLanguage":"es","@id":"https:\/\/eco-nnect.com\/#\/schema\/logo\/image\/","url":"https:\/\/eco-nnect.com\/wp-content\/uploads\/2022\/02\/econnect.png","contentUrl":"https:\/\/eco-nnect.com\/wp-content\/uploads\/2022\/02\/econnect.png","width":800,"height":132,"caption":"eco-nnect"},"image":{"@id":"https:\/\/eco-nnect.com\/#\/schema\/logo\/image\/"}},{"@type":"Person","@id":"https:\/\/eco-nnect.com\/#\/schema\/person\/ef405cfba8df74010397bf83b8a97967","name":"Lola","image":{"@type":"ImageObject","inLanguage":"es","@id":"https:\/\/eco-nnect.com\/#\/schema\/person\/image\/","url":"https:\/\/secure.gravatar.com\/avatar\/6f8a20610cb80f7749898ddb0fbf6a87?s=96&d=mm&r=g","contentUrl":"https:\/\/secure.gravatar.com\/avatar\/6f8a20610cb80f7749898ddb0fbf6a87?s=96&d=mm&r=g","caption":"Lola"},"description":"Me llamo Lola y tengo 22 a\u00f1os. A parte de escribir art\u00edculos para esta revista, soy estudiante de Derecho. Escribir ha sido siempre una de mis grandes aficiones, junto con la lectura, pues creo que de alguna manera te sumerges en un mundo que de otro modo no puedes alcanzar.","sameAs":["https:\/\/www.facebook.com\/lola.cerveralacalle","https:\/\/www.linkedin.com\/in\/lola-la-calle-cervera-973ab120b"],"url":"https:\/\/eco-nnect.com\/es\/author\/lola\/"}]}},"_links":{"self":[{"href":"https:\/\/eco-nnect.com\/es\/wp-json\/wp\/v2\/posts\/10406"}],"collection":[{"href":"https:\/\/eco-nnect.com\/es\/wp-json\/wp\/v2\/posts"}],"about":[{"href":"https:\/\/eco-nnect.com\/es\/wp-json\/wp\/v2\/types\/post"}],"author":[{"embeddable":true,"href":"https:\/\/eco-nnect.com\/es\/wp-json\/wp\/v2\/users\/24"}],"replies":[{"embeddable":true,"href":"https:\/\/eco-nnect.com\/es\/wp-json\/wp\/v2\/comments?post=10406"}],"version-history":[{"count":15,"href":"https:\/\/eco-nnect.com\/es\/wp-json\/wp\/v2\/posts\/10406\/revisions"}],"predecessor-version":[{"id":10422,"href":"https:\/\/eco-nnect.com\/es\/wp-json\/wp\/v2\/posts\/10406\/revisions\/10422"}],"wp:attachment":[{"href":"https:\/\/eco-nnect.com\/es\/wp-json\/wp\/v2\/media?parent=10406"}],"wp:term":[{"taxonomy":"category","embeddable":true,"href":"https:\/\/eco-nnect.com\/es\/wp-json\/wp\/v2\/categories?post=10406"},{"taxonomy":"post_tag","embeddable":true,"href":"https:\/\/eco-nnect.com\/es\/wp-json\/wp\/v2\/tags?post=10406"}],"curies":[{"name":"wp","href":"https:\/\/api.w.org\/{rel}","templated":true}]}}